{"id":47593,"date":"2025-08-08T15:15:50","date_gmt":"2025-08-08T12:15:50","guid":{"rendered":"https:\/\/www.egemtv.com\/?p=47593"},"modified":"2025-08-08T15:15:52","modified_gmt":"2025-08-08T12:15:52","slug":"yuntdagi-yoresel-urunler-pazari-bu-yil-da-kuruluyor","status":"publish","type":"post","link":"https:\/\/www.egemtv.com\/?p=47593","title":{"rendered":"Yuntda\u011f\u0131 Y\u00f6resel \u00dcr\u00fcnler Pazar\u0131 bu y\u0131l da kuruluyor"},"content":{"rendered":"<p>Yunusemre Belediyesi, Yuntda\u011f\u0131\u2019ndaki \u00fcreticilere destek olmak amac\u0131yla geleneksel hale getirmeyi ama\u00e7lad\u0131\u011f\u0131 Yuntda\u011f\u0131 Y\u00f6resel \u00dcr\u00fcnler Pazar\u0131\u2019n\u0131 bu y\u0131l da kuruyor. 10 A\u011fustos Pazar g\u00fcn\u00fc Ortak\u00f6y Mesire Alan\u0131\u2019nda a\u00e7\u0131lacak pazarda g\u0131dadan el eme\u011fi \u00fcr\u00fcnlere kadar bir\u00e7ok \u00fcr\u00fcn vatanda\u015flarla bulu\u015facak.<br \/>\n<br \/>Kad\u0131nlar\u0131n istihdama kat\u0131l\u0131m\u0131 ve \u00fcreticilerin ekonomilerine katk\u0131 sa\u011flamas\u0131 hedefiyle d\u00fczenlenen Y\u00f6resel \u00dcr\u00fcnler Pazar\u0131, Yunusemre Belediyesi\u2019nin destekleriyle bir kez daha vatanda\u015flar\u0131 bir araya getirecek. Pazar\u0131n a\u00e7\u0131l\u0131\u015f\u0131na kat\u0131lmak isteyen vatanda\u015flar i\u00e7in belirlenen g\u00fczergahlardan saat 09.00, 11.00 ve 13.00\u2019te \u00fccretsiz servis imk\u00e2n\u0131 sa\u011flanacak.<br \/>\n<br \/>Servis g\u00fczergahlar\u0131 \u015fu \u015fekilde: &#8220;G\u00fczergah 1: Yunusemre Belediyesi (Saruhanbey Camii), Akmescit Cumhuriyet \u0130lk\u00f6\u011fretim \u00d6n\u00fc, \u015eeyh Fenari Camii Kar\u015f\u0131s\u0131, Hac\u0131 Yahya Camii \u0130ki L\u00fcleli \u00d6n\u00fc, K\u0131rm\u0131z\u0131 K\u00f6pr\u00fc, Sultan Camii, Kuyumcular \u00c7ar\u015f\u0131s\u0131 Giri\u015fi, 15 Temmuz Demokrasi Meydan\u0131 (8 Havuzu), Ulupark K\u00f6\u015fesi, K\u00fclt\u00fcr Sitesi, Manisa Lisesi, Eski Garaj Kar\u015f\u0131s\u0131 BP Dura\u011f\u0131, 8 Eyl\u00fcl \u0130lkokulu, Tek \u00c7am, VATAN Bilgisayar Kar\u015f\u0131s\u0131, Sava\u015f\u0131r Market, Cumhuriyet Mah. Taziye Evi \u00d6n\u00fc, Menemen Yolu. G\u00fczergah 2: \u015eehzadeler Ziraat Odas\u0131 \u00d6n\u00fc, Devlet Hastanesi Kav\u015fa\u011f\u0131, Manisa Tren Gar\u0131, Manisa \u00d6\u011fretmen Evi, Barbaros Karakol Dura\u011f\u0131, Tabakhane Dura\u011f\u0131, Viraj, Horozk\u00f6y Toprak Mahsulleri Ofisi Kar\u015f\u0131s\u0131, Horozk\u00f6y Tren Gar\u0131, Horozk\u00f6y Meydan\u0131, Ba\u011fc\u0131l\u0131k Ara\u015ft\u0131rma Merkezi \u00d6n\u00fc, Horozk\u00f6y Pazar Yeri, Evrenos Giri\u015fi, Muradiye Ek Hizmet Binas\u0131, Muradiye Pazar Yeri, Muradiye Tren Gar\u0131, MCB\u00dc Kamp\u00fcs Giri\u015fi, Ortak\u00f6y. G\u00fczergah 3: Alaybey Zab\u0131ta \u00d6n\u00fc, Alaybey Pazar Yeri, H\u00fck\u00fcmet Kona\u011f\u0131 (Valilik \u00d6n\u00fc), 15 Temmuz Demokrasi Meydan\u0131 (8 Havuzu), Ulupark Kar\u015f\u0131s\u0131 (Akbank \u00d6n\u00fc), Cafe Sera Kar\u015f\u0131s\u0131, SGK Kar\u015f\u0131s\u0131, Gediz T\u0131p Merkezi \u00d6n\u00fc, Lale Meydan\u0131, Laleli Mesir Camii \u00d6n\u00fc, Eski ETV Dura\u011f\u0131, Bal\u0131k Keyfi \u00d6n\u00fc, Tarzan Bulvar\u0131 \u00dczerinden, \u0130MKB K\u0131z Meslek Lisesi Kar\u015f\u0131s\u0131, G\u00f6\u00e7men Evleri, Menemen Yolu, Ortak\u00f6y. G\u00fczergah 4: Akgedik Toki-1.Etap, Akgedik Toki-2.Etap, Ortak\u00f6y.&#8221;<br \/><\/p>\n","protected":false},"excerpt":{"rendered":"<p>Yunusemre Belediyesi, Yuntda\u011f\u0131\u2019ndaki \u00fcreticilere destek olmak amac\u0131yla geleneksel hale getirmeyi ama\u00e7lad\u0131\u011f\u0131 Yuntda\u011f\u0131 Y\u00f6resel \u00dcr\u00fcnler Pazar\u0131\u2019n\u0131 bu y\u0131l da kuruyor. 10 A\u011fustos Pazar g\u00fcn\u00fc Ortak\u00f6y Mesire Alan\u0131\u2019nda a\u00e7\u0131lacak pazarda g\u0131dadan el eme\u011fi \u00fcr\u00fcnlere kadar bir\u00e7ok \u00fcr\u00fcn vatanda\u015flarla bulu\u015facak. Kad\u0131nlar\u0131n istihdama kat\u0131l\u0131m\u0131 ve \u00fcreticilerin ekonomilerine katk\u0131 sa\u011flamas\u0131 hedefiyle d\u00fczenlenen Y\u00f6resel \u00dcr\u00fcnler Pazar\u0131, Yunusemre Belediyesi\u2019nin destekleriyle bir kez&#8230;<\/p>\n","protected":false},"author":1,"featured_media":47594,"comment_status":"open","ping_status":"open","sticky":false,"template":"","format":"standard","meta":{"_crdt_document":"","footnotes":""},"categories":[125],"tags":[],"class_list":["post-47593","post","type-post","status-publish","format-standard","has-post-thumbnail","hentry","category-ekonomi"],"_links":{"self":[{"href":"https:\/\/www.egemtv.com\/index.php?rest_route=\/wp\/v2\/posts\/47593","targetHints":{"allow":["GET"]}}],"collection":[{"href":"https:\/\/www.egemtv.com\/index.php?rest_route=\/wp\/v2\/posts"}],"about":[{"href":"https:\/\/www.egemtv.com\/index.php?rest_route=\/wp\/v2\/types\/post"}],"author":[{"embeddable":true,"href":"https:\/\/www.egemtv.com\/index.php?rest_route=\/wp\/v2\/users\/1"}],"replies":[{"embeddable":true,"href":"https:\/\/www.egemtv.com\/index.php?rest_route=%2Fwp%2Fv2%2Fcomments&post=47593"}],"version-history":[{"count":1,"href":"https:\/\/www.egemtv.com\/index.php?rest_route=\/wp\/v2\/posts\/47593\/revisions"}],"predecessor-version":[{"id":47595,"href":"https:\/\/www.egemtv.com\/index.php?rest_route=\/wp\/v2\/posts\/47593\/revisions\/47595"}],"wp:featuredmedia":[{"embeddable":true,"href":"https:\/\/www.egemtv.com\/index.php?rest_route=\/wp\/v2\/media\/47594"}],"wp:attachment":[{"href":"https:\/\/www.egemtv.com\/index.php?rest_route=%2Fwp%2Fv2%2Fmedia&parent=47593"}],"wp:term":[{"taxonomy":"category","embeddable":true,"href":"https:\/\/www.egemtv.com\/index.php?rest_route=%2Fwp%2Fv2%2Fcategories&post=47593"},{"taxonomy":"post_tag","embeddable":true,"href":"https:\/\/www.egemtv.com\/index.php?rest_route=%2Fwp%2Fv2%2Ftags&post=47593"}],"curies":[{"name":"wp","href":"https:\/\/api.w.org\/{rel}","templated":true}]}}