{"id":47590,"date":"2025-08-08T15:15:49","date_gmt":"2025-08-08T12:15:49","guid":{"rendered":"https:\/\/www.egemtv.com\/?p=47590"},"modified":"2025-08-08T15:15:50","modified_gmt":"2025-08-08T12:15:50","slug":"koyluye-ve-dogaya-hayat-veren-goletler-kuruyor","status":"publish","type":"post","link":"https:\/\/www.egemtv.com\/?p=47590","title":{"rendered":"K\u00f6yl\u00fcye ve do\u011faya hayat veren g\u00f6letler kuruyor"},"content":{"rendered":"<p>Manisa\u2019n\u0131n Yuntda\u011f\u0131 B\u00f6lgesinde Manisa B\u00fcy\u00fck\u015fehir Belediyesi taraf\u0131ndan hayvan sulama ve orman yang\u0131nlar\u0131nda helikopterlerin su alabilmesi i\u00e7in yap\u0131lan g\u00f6letler bir bir kurumaya ba\u015flad\u0131.<br \/>\n<br \/>Davutlar ile Kale Mahallesi aras\u0131nda yer alan g\u00f6lette su seviyesinin ciddi oranda d\u00fc\u015ft\u00fc\u011f\u00fc g\u00f6r\u00fcl\u00fcrken, Kale Mahallesi yak\u0131nlar\u0131ndaki g\u00f6let ise tamamen kurudu. B\u00f6lgedeki k\u00f6ylerde bulunan b\u00fcy\u00fckba\u015f hayvanlar\u0131n da su ihtiyac\u0131n\u0131 kar\u015f\u0131layan g\u00f6letlerde su seviyelerinin iyice d\u00fc\u015fmesi \u00fczerine harekete ge\u00e7en mahalle sakinleri su seviyesinin d\u00fc\u015fmesi nedeniyle g\u00f6letlerin daha fazla su tutmas\u0131 i\u00e7in geni\u015fletilme \u00e7al\u0131\u015fmalar\u0131n\u0131n yap\u0131lmas\u0131 gerekti\u011fini s\u00f6yledi. Helikopterlerin alabilece\u011fi kadar suyun kalmad\u0131\u011f\u0131 g\u00f6letlerin dibinde kalan suyun ise \u00e7amurla\u015fm\u0131\u015f durumda oldu\u011funa dikkat \u00e7eken vatanda\u015flar \u00e7al\u0131\u015fmalar\u0131n biran \u00f6nce ba\u015flamas\u0131n\u0131 istedi.<br \/><\/p>\n","protected":false},"excerpt":{"rendered":"<p>Manisa\u2019n\u0131n Yuntda\u011f\u0131 B\u00f6lgesinde Manisa B\u00fcy\u00fck\u015fehir Belediyesi taraf\u0131ndan hayvan sulama ve orman yang\u0131nlar\u0131nda helikopterlerin su alabilmesi i\u00e7in yap\u0131lan g\u00f6letler bir bir kurumaya ba\u015flad\u0131. Davutlar ile Kale Mahallesi aras\u0131nda yer alan g\u00f6lette su seviyesinin ciddi oranda d\u00fc\u015ft\u00fc\u011f\u00fc g\u00f6r\u00fcl\u00fcrken, Kale Mahallesi yak\u0131nlar\u0131ndaki g\u00f6let ise tamamen kurudu. B\u00f6lgedeki k\u00f6ylerde bulunan b\u00fcy\u00fckba\u015f hayvanlar\u0131n da su ihtiyac\u0131n\u0131 kar\u015f\u0131layan g\u00f6letlerde su seviyelerinin&#8230;<\/p>\n","protected":false},"author":1,"featured_media":47591,"comment_status":"open","ping_status":"open","sticky":false,"template":"","format":"standard","meta":{"_crdt_document":"","footnotes":""},"categories":[1],"tags":[],"class_list":["post-47590","post","type-post","status-publish","format-standard","has-post-thumbnail","hentry","category-guncel"],"_links":{"self":[{"href":"https:\/\/www.egemtv.com\/index.php?rest_route=\/wp\/v2\/posts\/47590","targetHints":{"allow":["GET"]}}],"collection":[{"href":"https:\/\/www.egemtv.com\/index.php?rest_route=\/wp\/v2\/posts"}],"about":[{"href":"https:\/\/www.egemtv.com\/index.php?rest_route=\/wp\/v2\/types\/post"}],"author":[{"embeddable":true,"href":"https:\/\/www.egemtv.com\/index.php?rest_route=\/wp\/v2\/users\/1"}],"replies":[{"embeddable":true,"href":"https:\/\/www.egemtv.com\/index.php?rest_route=%2Fwp%2Fv2%2Fcomments&post=47590"}],"version-history":[{"count":1,"href":"https:\/\/www.egemtv.com\/index.php?rest_route=\/wp\/v2\/posts\/47590\/revisions"}],"predecessor-version":[{"id":47592,"href":"https:\/\/www.egemtv.com\/index.php?rest_route=\/wp\/v2\/posts\/47590\/revisions\/47592"}],"wp:featuredmedia":[{"embeddable":true,"href":"https:\/\/www.egemtv.com\/index.php?rest_route=\/wp\/v2\/media\/47591"}],"wp:attachment":[{"href":"https:\/\/www.egemtv.com\/index.php?rest_route=%2Fwp%2Fv2%2Fmedia&parent=47590"}],"wp:term":[{"taxonomy":"category","embeddable":true,"href":"https:\/\/www.egemtv.com\/index.php?rest_route=%2Fwp%2Fv2%2Fcategories&post=47590"},{"taxonomy":"post_tag","embeddable":true,"href":"https:\/\/www.egemtv.com\/index.php?rest_route=%2Fwp%2Fv2%2Ftags&post=47590"}],"curies":[{"name":"wp","href":"https:\/\/api.w.org\/{rel}","templated":true}]}}