{"id":47587,"date":"2025-08-08T15:15:48","date_gmt":"2025-08-08T12:15:48","guid":{"rendered":"https:\/\/www.egemtv.com\/?p=47587"},"modified":"2025-08-08T15:15:49","modified_gmt":"2025-08-08T12:15:49","slug":"il-milli-egitim-mudurlugu-ile-iskur-arasinda-protokol","status":"publish","type":"post","link":"https:\/\/www.egemtv.com\/?p=47587","title":{"rendered":"\u0130l Milli E\u011fitim M\u00fcd\u00fcrl\u00fc\u011f\u00fc ile \u0130\u015eKUR aras\u0131nda protokol"},"content":{"rendered":"<p>Afyonkarahisar \u0130l Milli E\u011fitim M\u00fcd\u00fcr\u00fc Mira\u00e7 S\u00fcnnetci, Afyonkarahisar \u0130\u015eKUR \u0130l M\u00fcd\u00fcr\u00fc Ahmet Karakaya ile i\u015fbirli\u011fi protokol\u00fc imzalad\u0131.<br \/>\n<br \/>\u0130l Milli E\u011fitim M\u00fcd\u00fcr\u00fc Mira\u00e7 S\u00fcnnetci ve \u0130\u015eKUR \u0130l M\u00fcd\u00fcr\u00fc Ahmet Karakaya, imza t\u00f6reni i\u00e7in bir araya geldi. \u0130l merkezi ve merkeze ba\u011fl\u0131 okul ile kurumlarda \u00e7al\u0131\u015facak Toplum Yarar\u0131na Programlar (TYP) \u00e7er\u00e7evesinde istihdam edilecek personelin \u00e7al\u0131\u015fma esaslar\u0131n\u0131 i\u00e7eren i\u015fbirli\u011fi protokol\u00fc, il m\u00fcd\u00fcrleri taraf\u0131ndan imzaland\u0131. \u0130mza t\u00f6reninin ard\u0131ndan \u0130l Milli E\u011fitim M\u00fcd\u00fcr\u00fc Mira\u00e7 S\u00fcnnetci, &#8220;\u0130\u015fbirli\u011fi protokol\u00fcn\u00fcn her 2 tarafa da hay\u0131rl\u0131 olmas\u0131n\u0131 temenni ediyorum&#8221; dedi.<br \/><\/p>\n","protected":false},"excerpt":{"rendered":"<p>Afyonkarahisar \u0130l Milli E\u011fitim M\u00fcd\u00fcr\u00fc Mira\u00e7 S\u00fcnnetci, Afyonkarahisar \u0130\u015eKUR \u0130l M\u00fcd\u00fcr\u00fc Ahmet Karakaya ile i\u015fbirli\u011fi protokol\u00fc imzalad\u0131. \u0130l Milli E\u011fitim M\u00fcd\u00fcr\u00fc Mira\u00e7 S\u00fcnnetci ve \u0130\u015eKUR \u0130l M\u00fcd\u00fcr\u00fc Ahmet Karakaya, imza t\u00f6reni i\u00e7in bir araya geldi. \u0130l merkezi ve merkeze ba\u011fl\u0131 okul ile kurumlarda \u00e7al\u0131\u015facak Toplum Yarar\u0131na Programlar (TYP) \u00e7er\u00e7evesinde istihdam edilecek personelin \u00e7al\u0131\u015fma esaslar\u0131n\u0131 i\u00e7eren&#8230;<\/p>\n","protected":false},"author":1,"featured_media":47588,"comment_status":"open","ping_status":"open","sticky":false,"template":"","format":"standard","meta":{"_crdt_document":"","footnotes":""},"categories":[1],"tags":[],"class_list":["post-47587","post","type-post","status-publish","format-standard","has-post-thumbnail","hentry","category-guncel"],"_links":{"self":[{"href":"https:\/\/www.egemtv.com\/index.php?rest_route=\/wp\/v2\/posts\/47587","targetHints":{"allow":["GET"]}}],"collection":[{"href":"https:\/\/www.egemtv.com\/index.php?rest_route=\/wp\/v2\/posts"}],"about":[{"href":"https:\/\/www.egemtv.com\/index.php?rest_route=\/wp\/v2\/types\/post"}],"author":[{"embeddable":true,"href":"https:\/\/www.egemtv.com\/index.php?rest_route=\/wp\/v2\/users\/1"}],"replies":[{"embeddable":true,"href":"https:\/\/www.egemtv.com\/index.php?rest_route=%2Fwp%2Fv2%2Fcomments&post=47587"}],"version-history":[{"count":1,"href":"https:\/\/www.egemtv.com\/index.php?rest_route=\/wp\/v2\/posts\/47587\/revisions"}],"predecessor-version":[{"id":47589,"href":"https:\/\/www.egemtv.com\/index.php?rest_route=\/wp\/v2\/posts\/47587\/revisions\/47589"}],"wp:featuredmedia":[{"embeddable":true,"href":"https:\/\/www.egemtv.com\/index.php?rest_route=\/wp\/v2\/media\/47588"}],"wp:attachment":[{"href":"https:\/\/www.egemtv.com\/index.php?rest_route=%2Fwp%2Fv2%2Fmedia&parent=47587"}],"wp:term":[{"taxonomy":"category","embeddable":true,"href":"https:\/\/www.egemtv.com\/index.php?rest_route=%2Fwp%2Fv2%2Fcategories&post=47587"},{"taxonomy":"post_tag","embeddable":true,"href":"https:\/\/www.egemtv.com\/index.php?rest_route=%2Fwp%2Fv2%2Ftags&post=47587"}],"curies":[{"name":"wp","href":"https:\/\/api.w.org\/{rel}","templated":true}]}}