{"id":47584,"date":"2025-08-08T14:55:59","date_gmt":"2025-08-08T11:55:59","guid":{"rendered":"https:\/\/www.egemtv.com\/?p=47584"},"modified":"2025-08-08T14:55:59","modified_gmt":"2025-08-08T11:55:59","slug":"stajyer-ogrenciler-afyonkarahisar-tibbi-ve-aromatik-bitkiler-merkezini-gezdi","status":"publish","type":"post","link":"https:\/\/www.egemtv.com\/?p=47584","title":{"rendered":"Stajyer \u00f6\u011frenciler Afyonkarahisar T\u0131bbi ve Aromatik Bitkiler Merkezi\u2019ni gezdi"},"content":{"rendered":"<p>Afyonkarahisar T\u0131bbi ve Aromatik Bitkiler Merkezi\u2019nde stajyer \u00f6\u011frencilerin kat\u0131l\u0131m\u0131yla teknik gezi ger\u00e7ekle\u015ftirildi.<br \/>\n<br \/>\u0130l Tar\u0131m ve Orman M\u00fcd\u00fcrl\u00fc\u011f\u00fc taraf\u0131ndan taraf\u0131ndan stajyer \u00f6\u011frencilere y\u00f6nelik \u00f6zel bir gezi d\u00fczenlendi. \u00d6\u011frenciler, Orman Genel M\u00fcd\u00fcrl\u00fc\u011f\u00fc\u2019ne ba\u011fl\u0131 ve T\u00fcrkiye\u2019de tek olma \u00f6zelli\u011fine sahip Afyonkarahisar T\u0131bbi ve Aromatik Bitkiler Merkezi\u2019ne g\u00f6t\u00fcr\u00fcld\u00fc. Ziyaret \u00e7er\u00e7evesinde, T\u0131bbi ve Aromatik Bitkiler Merkez M\u00fcd\u00fcr\u00fc Emel Y\u0131ld\u0131z ve konu uzman\u0131 personeller taraf\u0131ndan \u00f6\u011frencilere; t\u0131bbi ve aromatik bitkilerin yeti\u015ftiricili\u011fi, i\u015flenmesi ve \u00fcr\u00fcn haline gelme s\u00fcre\u00e7leri hakk\u0131nda detayl\u0131 bilgiler verildi. Merkezin sahip oldu\u011fu altyap\u0131 ve \u00fcretim potansiyeli \u00f6\u011frencilere yerinde tan\u0131t\u0131ld\u0131.<br \/><\/p>\n","protected":false},"excerpt":{"rendered":"<p>Afyonkarahisar T\u0131bbi ve Aromatik Bitkiler Merkezi\u2019nde stajyer \u00f6\u011frencilerin kat\u0131l\u0131m\u0131yla teknik gezi ger\u00e7ekle\u015ftirildi. \u0130l Tar\u0131m ve Orman M\u00fcd\u00fcrl\u00fc\u011f\u00fc taraf\u0131ndan taraf\u0131ndan stajyer \u00f6\u011frencilere y\u00f6nelik \u00f6zel bir gezi d\u00fczenlendi. \u00d6\u011frenciler, Orman Genel M\u00fcd\u00fcrl\u00fc\u011f\u00fc\u2019ne ba\u011fl\u0131 ve T\u00fcrkiye\u2019de tek olma \u00f6zelli\u011fine sahip Afyonkarahisar T\u0131bbi ve Aromatik Bitkiler Merkezi\u2019ne g\u00f6t\u00fcr\u00fcld\u00fc. Ziyaret \u00e7er\u00e7evesinde, T\u0131bbi ve Aromatik Bitkiler Merkez M\u00fcd\u00fcr\u00fc Emel Y\u0131ld\u0131z ve&#8230;<\/p>\n","protected":false},"author":1,"featured_media":47585,"comment_status":"open","ping_status":"open","sticky":false,"template":"","format":"standard","meta":{"_crdt_document":"","footnotes":""},"categories":[1],"tags":[],"class_list":["post-47584","post","type-post","status-publish","format-standard","has-post-thumbnail","hentry","category-guncel"],"_links":{"self":[{"href":"https:\/\/www.egemtv.com\/index.php?rest_route=\/wp\/v2\/posts\/47584","targetHints":{"allow":["GET"]}}],"collection":[{"href":"https:\/\/www.egemtv.com\/index.php?rest_route=\/wp\/v2\/posts"}],"about":[{"href":"https:\/\/www.egemtv.com\/index.php?rest_route=\/wp\/v2\/types\/post"}],"author":[{"embeddable":true,"href":"https:\/\/www.egemtv.com\/index.php?rest_route=\/wp\/v2\/users\/1"}],"replies":[{"embeddable":true,"href":"https:\/\/www.egemtv.com\/index.php?rest_route=%2Fwp%2Fv2%2Fcomments&post=47584"}],"version-history":[{"count":1,"href":"https:\/\/www.egemtv.com\/index.php?rest_route=\/wp\/v2\/posts\/47584\/revisions"}],"predecessor-version":[{"id":47586,"href":"https:\/\/www.egemtv.com\/index.php?rest_route=\/wp\/v2\/posts\/47584\/revisions\/47586"}],"wp:featuredmedia":[{"embeddable":true,"href":"https:\/\/www.egemtv.com\/index.php?rest_route=\/wp\/v2\/media\/47585"}],"wp:attachment":[{"href":"https:\/\/www.egemtv.com\/index.php?rest_route=%2Fwp%2Fv2%2Fmedia&parent=47584"}],"wp:term":[{"taxonomy":"category","embeddable":true,"href":"https:\/\/www.egemtv.com\/index.php?rest_route=%2Fwp%2Fv2%2Fcategories&post=47584"},{"taxonomy":"post_tag","embeddable":true,"href":"https:\/\/www.egemtv.com\/index.php?rest_route=%2Fwp%2Fv2%2Ftags&post=47584"}],"curies":[{"name":"wp","href":"https:\/\/api.w.org\/{rel}","templated":true}]}}