{"id":47581,"date":"2025-08-08T13:15:13","date_gmt":"2025-08-08T10:15:13","guid":{"rendered":"https:\/\/www.egemtv.com\/?p=47581"},"modified":"2025-08-08T13:15:14","modified_gmt":"2025-08-08T10:15:14","slug":"aydinda-marketlerde-tarti-aletleri-denetlendi","status":"publish","type":"post","link":"https:\/\/www.egemtv.com\/?p=47581","title":{"rendered":"Ayd\u0131n\u2019da marketlerde tart\u0131 aletleri denetlendi"},"content":{"rendered":"<p>Ayd\u0131n Sanayi ve Teknoloji \u0130l M\u00fcd\u00fcrl\u00fc\u011f\u00fc ekipleri taraf\u0131ndan, 3516 say\u0131l\u0131 \u00d6l\u00e7\u00fcler ve Ayar Kanunu kapsam\u0131nda marketlerde kullan\u0131lan \u00f6l\u00e7\u00fc ve tart\u0131 aletlerine y\u00f6nelik bir denetim ger\u00e7ekle\u015ftirildi.<br \/>\n<br \/>T\u00fcketici haklar\u0131n\u0131n korunmas\u0131, haks\u0131z kazanc\u0131n \u00f6nlenmesi ve adil ticaretin sa\u011flanmas\u0131 amac\u0131yla yap\u0131lan bu denetimlerde; marketlerde kullan\u0131lan terazi, elektronik bask\u00fcl, bask\u0131 tertibatl\u0131 teraziler ve benzeri \u00f6l\u00e7\u00fcm cihazlar\u0131n\u0131n damga s\u00fcreleri, teknik uygunlu\u011fu ve do\u011fru tart\u0131m yap\u0131p yapmad\u0131klar\u0131 kontrol edildi.<br \/>\n<br \/>Ger\u00e7ekle\u015ftirilen saha \u00e7al\u0131\u015fmalar\u0131na Ayd\u0131n Sanayi ve Teknoloji \u0130l M\u00fcd\u00fcr\u00fc Fatih Uluta\u015f\u2019 da kat\u0131l\u0131m sa\u011flayarak denetim faaliyetlerini yerinde inceledi. Denetimlerde mevzuata ayk\u0131r\u0131 kullan\u0131m tespit edilen cihazlar i\u00e7in gerekli yasal i\u015flemler ba\u015flat\u0131ld\u0131.<br \/><\/p>\n","protected":false},"excerpt":{"rendered":"<p>Ayd\u0131n Sanayi ve Teknoloji \u0130l M\u00fcd\u00fcrl\u00fc\u011f\u00fc ekipleri taraf\u0131ndan, 3516 say\u0131l\u0131 \u00d6l\u00e7\u00fcler ve Ayar Kanunu kapsam\u0131nda marketlerde kullan\u0131lan \u00f6l\u00e7\u00fc ve tart\u0131 aletlerine y\u00f6nelik bir denetim ger\u00e7ekle\u015ftirildi. T\u00fcketici haklar\u0131n\u0131n korunmas\u0131, haks\u0131z kazanc\u0131n \u00f6nlenmesi ve adil ticaretin sa\u011flanmas\u0131 amac\u0131yla yap\u0131lan bu denetimlerde; marketlerde kullan\u0131lan terazi, elektronik bask\u00fcl, bask\u0131 tertibatl\u0131 teraziler ve benzeri \u00f6l\u00e7\u00fcm cihazlar\u0131n\u0131n damga s\u00fcreleri, teknik uygunlu\u011fu&#8230;<\/p>\n","protected":false},"author":1,"featured_media":47582,"comment_status":"open","ping_status":"open","sticky":false,"template":"","format":"standard","meta":{"_crdt_document":"","footnotes":""},"categories":[1],"tags":[],"class_list":["post-47581","post","type-post","status-publish","format-standard","has-post-thumbnail","hentry","category-guncel"],"_links":{"self":[{"href":"https:\/\/www.egemtv.com\/index.php?rest_route=\/wp\/v2\/posts\/47581","targetHints":{"allow":["GET"]}}],"collection":[{"href":"https:\/\/www.egemtv.com\/index.php?rest_route=\/wp\/v2\/posts"}],"about":[{"href":"https:\/\/www.egemtv.com\/index.php?rest_route=\/wp\/v2\/types\/post"}],"author":[{"embeddable":true,"href":"https:\/\/www.egemtv.com\/index.php?rest_route=\/wp\/v2\/users\/1"}],"replies":[{"embeddable":true,"href":"https:\/\/www.egemtv.com\/index.php?rest_route=%2Fwp%2Fv2%2Fcomments&post=47581"}],"version-history":[{"count":1,"href":"https:\/\/www.egemtv.com\/index.php?rest_route=\/wp\/v2\/posts\/47581\/revisions"}],"predecessor-version":[{"id":47583,"href":"https:\/\/www.egemtv.com\/index.php?rest_route=\/wp\/v2\/posts\/47581\/revisions\/47583"}],"wp:featuredmedia":[{"embeddable":true,"href":"https:\/\/www.egemtv.com\/index.php?rest_route=\/wp\/v2\/media\/47582"}],"wp:attachment":[{"href":"https:\/\/www.egemtv.com\/index.php?rest_route=%2Fwp%2Fv2%2Fmedia&parent=47581"}],"wp:term":[{"taxonomy":"category","embeddable":true,"href":"https:\/\/www.egemtv.com\/index.php?rest_route=%2Fwp%2Fv2%2Fcategories&post=47581"},{"taxonomy":"post_tag","embeddable":true,"href":"https:\/\/www.egemtv.com\/index.php?rest_route=%2Fwp%2Fv2%2Ftags&post=47581"}],"curies":[{"name":"wp","href":"https:\/\/api.w.org\/{rel}","templated":true}]}}