{"id":47575,"date":"2025-08-08T13:15:11","date_gmt":"2025-08-08T10:15:11","guid":{"rendered":"https:\/\/www.egemtv.com\/?p=47575"},"modified":"2025-08-08T13:15:12","modified_gmt":"2025-08-08T10:15:12","slug":"koskteki-isletmenin-ek-binasinda-uyusturucu-ve-av-tufekleri-ele-gecirildi","status":"publish","type":"post","link":"https:\/\/www.egemtv.com\/?p=47575","title":{"rendered":"K\u00f6\u015fk\u2019teki i\u015fletmenin ek binas\u0131nda uyu\u015fturucu ve av t\u00fcfekleri ele ge\u00e7irildi"},"content":{"rendered":"<p>Ayd\u0131n\u2019\u0131n K\u00f6\u015fk il\u00e7esindeki bir i\u015fletmenin ek binas\u0131nda icra i\u015flemleri yap\u0131ld\u0131\u011f\u0131 s\u0131rada jandarma ekipleri taraf\u0131ndan uyu\u015fturucu madde ve av t\u00fcfekleri ele ge\u00e7irildi.<br \/>\n<br \/>Edinilen bilgiye g\u00f6re Ovak\u00f6y Mahallesi\u2019nde faaliyet g\u00f6steren bir i\u015fletmenin icra makamlar\u0131 taraf\u0131ndan yap\u0131lan tahliye i\u015flemine emniyet amac\u0131yla refakat eden K\u00f6\u015fk \u0130l\u00e7e Jandarma Komutanl\u0131\u011f\u0131nca tahliye i\u015flemi s\u0131ras\u0131nda i\u015fletme \u00e7al\u0131\u015fan\u0131 M.K. isimli \u015fahs\u0131n kullanmakta oldu\u011fu binada bir miktar kubar esrar, 1 Adet uyu\u015fturucu madde kullanma aparat\u0131, 2 adet av t\u00fcfe\u011fi, 33 adet av t\u00fcfe\u011fi fi\u015fe\u011fi, 9 adet tabanca fi\u015fe\u011fi, 1 adet tarihi eser aramada kullan\u0131lan dedekt\u00f6r, 1 adet kazma ele ge\u00e7irildi. \u015e\u00fcpheli hakk\u0131nda adli ve idari s\u00fcre\u00e7 ba\u015flat\u0131ld\u0131.<br \/><\/p>\n","protected":false},"excerpt":{"rendered":"<p>Ayd\u0131n\u2019\u0131n K\u00f6\u015fk il\u00e7esindeki bir i\u015fletmenin ek binas\u0131nda icra i\u015flemleri yap\u0131ld\u0131\u011f\u0131 s\u0131rada jandarma ekipleri taraf\u0131ndan uyu\u015fturucu madde ve av t\u00fcfekleri ele ge\u00e7irildi. Edinilen bilgiye g\u00f6re Ovak\u00f6y Mahallesi\u2019nde faaliyet g\u00f6steren bir i\u015fletmenin icra makamlar\u0131 taraf\u0131ndan yap\u0131lan tahliye i\u015flemine emniyet amac\u0131yla refakat eden K\u00f6\u015fk \u0130l\u00e7e Jandarma Komutanl\u0131\u011f\u0131nca tahliye i\u015flemi s\u0131ras\u0131nda i\u015fletme \u00e7al\u0131\u015fan\u0131 M.K. isimli \u015fahs\u0131n kullanmakta oldu\u011fu binada&#8230;<\/p>\n","protected":false},"author":1,"featured_media":47576,"comment_status":"open","ping_status":"open","sticky":false,"template":"","format":"standard","meta":{"_crdt_document":"","footnotes":""},"categories":[5],"tags":[],"class_list":["post-47575","post","type-post","status-publish","format-standard","has-post-thumbnail","hentry","category-asayis"],"_links":{"self":[{"href":"https:\/\/www.egemtv.com\/index.php?rest_route=\/wp\/v2\/posts\/47575","targetHints":{"allow":["GET"]}}],"collection":[{"href":"https:\/\/www.egemtv.com\/index.php?rest_route=\/wp\/v2\/posts"}],"about":[{"href":"https:\/\/www.egemtv.com\/index.php?rest_route=\/wp\/v2\/types\/post"}],"author":[{"embeddable":true,"href":"https:\/\/www.egemtv.com\/index.php?rest_route=\/wp\/v2\/users\/1"}],"replies":[{"embeddable":true,"href":"https:\/\/www.egemtv.com\/index.php?rest_route=%2Fwp%2Fv2%2Fcomments&post=47575"}],"version-history":[{"count":1,"href":"https:\/\/www.egemtv.com\/index.php?rest_route=\/wp\/v2\/posts\/47575\/revisions"}],"predecessor-version":[{"id":47577,"href":"https:\/\/www.egemtv.com\/index.php?rest_route=\/wp\/v2\/posts\/47575\/revisions\/47577"}],"wp:featuredmedia":[{"embeddable":true,"href":"https:\/\/www.egemtv.com\/index.php?rest_route=\/wp\/v2\/media\/47576"}],"wp:attachment":[{"href":"https:\/\/www.egemtv.com\/index.php?rest_route=%2Fwp%2Fv2%2Fmedia&parent=47575"}],"wp:term":[{"taxonomy":"category","embeddable":true,"href":"https:\/\/www.egemtv.com\/index.php?rest_route=%2Fwp%2Fv2%2Fcategories&post=47575"},{"taxonomy":"post_tag","embeddable":true,"href":"https:\/\/www.egemtv.com\/index.php?rest_route=%2Fwp%2Fv2%2Ftags&post=47575"}],"curies":[{"name":"wp","href":"https:\/\/api.w.org\/{rel}","templated":true}]}}