{"id":47572,"date":"2025-08-08T13:15:10","date_gmt":"2025-08-08T10:15:10","guid":{"rendered":"https:\/\/www.egemtv.com\/?p=47572"},"modified":"2025-08-08T13:15:11","modified_gmt":"2025-08-08T10:15:11","slug":"fethiyede-bir-kisi-once-arkadasini-sonra-kendini-vurdu","status":"publish","type":"post","link":"https:\/\/www.egemtv.com\/?p=47572","title":{"rendered":"Fethiye\u2019de bir ki\u015fi \u00f6nce arkada\u015f\u0131n\u0131, sonra kendini vurdu"},"content":{"rendered":"<p>Mu\u011fla\u2019n\u0131n Fethiye il\u00e7esinde kad\u0131n arkada\u015f\u0131n\u0131 tabancayla vuran ki\u015fi daha sonra kendini silahla vururken, olayda bir ki\u015fi hayat\u0131n\u0131 kaybetti.<br \/>\n<br \/>Olay, Fethiye Fo\u00e7a Mahallesi\u2019ndeki bir evde sabah erken saatlerde meydana geldi. Edinilen bilgiye g\u00f6re, evde silah sesi duyanlar\u0131n durumu 112 Acil \u00c7a\u011fr\u0131 Merkezi\u2019ne bildirmesi \u00fczerine olay yerine sa\u011fl\u0131k ve polis ekipleri sevk edildi. Ekipler taraf\u0131ndan Vahide Bulut (27) ile \u0130smail Can \u00d6nem (35) evde silahla vurulmu\u015f halde yaral\u0131 olarak bulundu. \u0130lk m\u00fcdahaleleri yap\u0131lan iki yaral\u0131 ambulans ile il\u00e7edeki hastanelere kald\u0131r\u0131ld\u0131. \u0130smail Can \u00d6nem hastanede yap\u0131lan t\u00fcm m\u00fcdahalelere ra\u011fmen hayat\u0131n\u0131 kaybetti.<br \/>\n<br \/>Yap\u0131lan ilk incelemede, \u0130smail Can \u00d6nem\u2019in, Vahide Bulut\u2019u tabancayla vurduktan sonra ayn\u0131 silahla kendini vurdu\u011fu belirlendi.<br \/><\/p>\n","protected":false},"excerpt":{"rendered":"<p>Mu\u011fla\u2019n\u0131n Fethiye il\u00e7esinde kad\u0131n arkada\u015f\u0131n\u0131 tabancayla vuran ki\u015fi daha sonra kendini silahla vururken, olayda bir ki\u015fi hayat\u0131n\u0131 kaybetti. Olay, Fethiye Fo\u00e7a Mahallesi\u2019ndeki bir evde sabah erken saatlerde meydana geldi. Edinilen bilgiye g\u00f6re, evde silah sesi duyanlar\u0131n durumu 112 Acil \u00c7a\u011fr\u0131 Merkezi\u2019ne bildirmesi \u00fczerine olay yerine sa\u011fl\u0131k ve polis ekipleri sevk edildi. Ekipler taraf\u0131ndan Vahide Bulut&#8230;<\/p>\n","protected":false},"author":1,"featured_media":47573,"comment_status":"open","ping_status":"open","sticky":false,"template":"","format":"standard","meta":{"_crdt_document":"","footnotes":""},"categories":[5],"tags":[],"class_list":["post-47572","post","type-post","status-publish","format-standard","has-post-thumbnail","hentry","category-asayis"],"_links":{"self":[{"href":"https:\/\/www.egemtv.com\/index.php?rest_route=\/wp\/v2\/posts\/47572","targetHints":{"allow":["GET"]}}],"collection":[{"href":"https:\/\/www.egemtv.com\/index.php?rest_route=\/wp\/v2\/posts"}],"about":[{"href":"https:\/\/www.egemtv.com\/index.php?rest_route=\/wp\/v2\/types\/post"}],"author":[{"embeddable":true,"href":"https:\/\/www.egemtv.com\/index.php?rest_route=\/wp\/v2\/users\/1"}],"replies":[{"embeddable":true,"href":"https:\/\/www.egemtv.com\/index.php?rest_route=%2Fwp%2Fv2%2Fcomments&post=47572"}],"version-history":[{"count":1,"href":"https:\/\/www.egemtv.com\/index.php?rest_route=\/wp\/v2\/posts\/47572\/revisions"}],"predecessor-version":[{"id":47574,"href":"https:\/\/www.egemtv.com\/index.php?rest_route=\/wp\/v2\/posts\/47572\/revisions\/47574"}],"wp:featuredmedia":[{"embeddable":true,"href":"https:\/\/www.egemtv.com\/index.php?rest_route=\/wp\/v2\/media\/47573"}],"wp:attachment":[{"href":"https:\/\/www.egemtv.com\/index.php?rest_route=%2Fwp%2Fv2%2Fmedia&parent=47572"}],"wp:term":[{"taxonomy":"category","embeddable":true,"href":"https:\/\/www.egemtv.com\/index.php?rest_route=%2Fwp%2Fv2%2Fcategories&post=47572"},{"taxonomy":"post_tag","embeddable":true,"href":"https:\/\/www.egemtv.com\/index.php?rest_route=%2Fwp%2Fv2%2Ftags&post=47572"}],"curies":[{"name":"wp","href":"https:\/\/api.w.org\/{rel}","templated":true}]}}