{"id":47569,"date":"2025-08-08T13:15:08","date_gmt":"2025-08-08T10:15:08","guid":{"rendered":"https:\/\/www.egemtv.com\/?p=47569"},"modified":"2025-08-08T13:15:10","modified_gmt":"2025-08-08T10:15:10","slug":"balcikta-mahsur-kalan-kuzu-operasyonla-kurtarildi","status":"publish","type":"post","link":"https:\/\/www.egemtv.com\/?p=47569","title":{"rendered":"Bal\u00e7\u0131kta mahsur kalan kuzu operasyonla kurtar\u0131ld\u0131"},"content":{"rendered":"<p>Denizli\u2019nin G\u00fcney il\u00e7esinde g\u00f6lete d\u00fc\u015ferek bal\u00e7\u0131\u011fa saplanan kuzu zorlu bir operasyon sonucu kurtar\u0131ld\u0131. Ara\u00e7 giremeyen b\u00f6lgeye ula\u015fmak i\u00e7in ta\u015f d\u00f6\u015feyerek yol a\u00e7an ekipler, hayvan\u0131 sa\u011f salim sahibine teslim etti.<\/p>\n<p>Olay, G\u00fcney il\u00e7esi Koparan Mahallesi\u2019nde meydana geldi. Edinilen bilgilere g\u00f6re, \u015eadiye Akyer\u2019e ait kuzu, sulama g\u00f6letine d\u00fc\u015ferek \u00e7amura sapland\u0131. Hayvan\u0131n\u0131n mahsur kald\u0131\u011f\u0131n\u0131 fark eden \u015eadiye Akyer, mahalle muhtar\u0131 \u00dcmit Kahraman\u2019dan yard\u0131m istedi. \u0130hbar \u00fczerine b\u00f6lgeye itfaiye ekipleri sevk edildi. Ara\u00e7la e\u015fimin m\u00fcmk\u00fcn olmad\u0131\u011f\u0131 b\u00f6lgeye m\u00fcdahale edebilmek i\u00e7in ta\u015f d\u00f6\u015feyerek ge\u00e7ici bir yola in\u015fa eden ekipler, ard\u0131ndan y\u00fcr\u00fcyerek kuzunun bulundu\u011fu alana ula\u015ft\u0131.<\/p>\n<p>\u0130tfaiye ekipleri yo\u011fun bal\u00e7\u0131k i\u00e7erisindeki hayvan\u0131 dikkatli bir \u00e7al\u0131\u015fmayla kurtard\u0131. Sa\u011fl\u0131k durumu iyi olan kuzu, k\u0131sa s\u00fcrede sahibine teslim edildi. Kurtarma an\u0131 duygusal anlara sahne olurken, hayvan\u0131na kavu\u015fan \u015eadiye Akyer, &#8220;\u0130tfaiyemiz olmasayd\u0131 kuzumu kaybedebilirdim. Allah hepsinden raz\u0131 olsun&#8221; dedi.<br \/><\/p>\n","protected":false},"excerpt":{"rendered":"<p>Denizli\u2019nin G\u00fcney il\u00e7esinde g\u00f6lete d\u00fc\u015ferek bal\u00e7\u0131\u011fa saplanan kuzu zorlu bir operasyon sonucu kurtar\u0131ld\u0131. Ara\u00e7 giremeyen b\u00f6lgeye ula\u015fmak i\u00e7in ta\u015f d\u00f6\u015feyerek yol a\u00e7an ekipler, hayvan\u0131 sa\u011f salim sahibine teslim etti. Olay, G\u00fcney il\u00e7esi Koparan Mahallesi\u2019nde meydana geldi. Edinilen bilgilere g\u00f6re, \u015eadiye Akyer\u2019e ait kuzu, sulama g\u00f6letine d\u00fc\u015ferek \u00e7amura sapland\u0131. Hayvan\u0131n\u0131n mahsur kald\u0131\u011f\u0131n\u0131 fark eden \u015eadiye Akyer,&#8230;<\/p>\n","protected":false},"author":1,"featured_media":47570,"comment_status":"open","ping_status":"open","sticky":false,"template":"","format":"standard","meta":{"_crdt_document":"","footnotes":""},"categories":[5],"tags":[],"class_list":["post-47569","post","type-post","status-publish","format-standard","has-post-thumbnail","hentry","category-asayis"],"_links":{"self":[{"href":"https:\/\/www.egemtv.com\/index.php?rest_route=\/wp\/v2\/posts\/47569","targetHints":{"allow":["GET"]}}],"collection":[{"href":"https:\/\/www.egemtv.com\/index.php?rest_route=\/wp\/v2\/posts"}],"about":[{"href":"https:\/\/www.egemtv.com\/index.php?rest_route=\/wp\/v2\/types\/post"}],"author":[{"embeddable":true,"href":"https:\/\/www.egemtv.com\/index.php?rest_route=\/wp\/v2\/users\/1"}],"replies":[{"embeddable":true,"href":"https:\/\/www.egemtv.com\/index.php?rest_route=%2Fwp%2Fv2%2Fcomments&post=47569"}],"version-history":[{"count":1,"href":"https:\/\/www.egemtv.com\/index.php?rest_route=\/wp\/v2\/posts\/47569\/revisions"}],"predecessor-version":[{"id":47571,"href":"https:\/\/www.egemtv.com\/index.php?rest_route=\/wp\/v2\/posts\/47569\/revisions\/47571"}],"wp:featuredmedia":[{"embeddable":true,"href":"https:\/\/www.egemtv.com\/index.php?rest_route=\/wp\/v2\/media\/47570"}],"wp:attachment":[{"href":"https:\/\/www.egemtv.com\/index.php?rest_route=%2Fwp%2Fv2%2Fmedia&parent=47569"}],"wp:term":[{"taxonomy":"category","embeddable":true,"href":"https:\/\/www.egemtv.com\/index.php?rest_route=%2Fwp%2Fv2%2Fcategories&post=47569"},{"taxonomy":"post_tag","embeddable":true,"href":"https:\/\/www.egemtv.com\/index.php?rest_route=%2Fwp%2Fv2%2Ftags&post=47569"}],"curies":[{"name":"wp","href":"https:\/\/api.w.org\/{rel}","templated":true}]}}