{"id":47566,"date":"2025-08-08T12:55:06","date_gmt":"2025-08-08T09:55:06","guid":{"rendered":"https:\/\/www.egemtv.com\/?p=47566"},"modified":"2025-08-08T12:55:07","modified_gmt":"2025-08-08T09:55:07","slug":"kades-uygulamasi-sokede-kadinlara-tanitildi","status":"publish","type":"post","link":"https:\/\/www.egemtv.com\/?p=47566","title":{"rendered":"KADES uygulamas\u0131 S\u00f6ke\u2019de kad\u0131nlara tan\u0131t\u0131ld\u0131"},"content":{"rendered":"<p>Ayd\u0131n\u2019\u0131n S\u00f6ke il\u00e7esinde jandarma ekipleri, kad\u0131na y\u00f6nelik \u015fiddetin \u00f6nlenmesi ve KADES uygulamas\u0131n\u0131n tan\u0131t\u0131m\u0131 amac\u0131yla vatanda\u015flara bilgilendirmelerde bulundu.<\/p>\n<p>S\u00f6ke \u0130l\u00e7e Jandarma Komutanl\u0131\u011f\u0131 Aile \u0130\u00e7i \u015eiddetle M\u00fccadele ve \u00c7ocuk K\u0131s\u0131m Amirli\u011fi ekipleri, Burunk\u00f6y Mahallesi\u2019nde vatanda\u015flarla bir araya geldi. \u2019\u015eiddetin \u00d6nlenmesi\u2019, \u2019Kad\u0131na El Kalkamaz\u2019 ve \u2019KADES Uygulamas\u0131\u2019 konular\u0131nda bilgilendirme yapan ekipler, kad\u0131nlar\u0131n cep telefonlar\u0131na KADES uygulamas\u0131n\u0131 y\u00fckleyerek kullan\u0131m\u0131 hakk\u0131nda bilgi verdi. Etkinlikte ayr\u0131ca kad\u0131nlara bilgilendirici bro\u015f\u00fcrler da\u011f\u0131t\u0131ld\u0131. Jandarma ekipleri, kad\u0131na y\u00f6nelik \u015fiddetle m\u00fccadelede toplumsal fark\u0131ndal\u0131\u011f\u0131n art\u0131r\u0131lmas\u0131 ve kad\u0131nlar\u0131n acil durumlarda en h\u0131zl\u0131 \u015fekilde yard\u0131m alabilmeleri amac\u0131yla KADES uygulamas\u0131n\u0131n \u00f6nemine vurgu yapt\u0131.<br \/><\/p>\n","protected":false},"excerpt":{"rendered":"<p>Ayd\u0131n\u2019\u0131n S\u00f6ke il\u00e7esinde jandarma ekipleri, kad\u0131na y\u00f6nelik \u015fiddetin \u00f6nlenmesi ve KADES uygulamas\u0131n\u0131n tan\u0131t\u0131m\u0131 amac\u0131yla vatanda\u015flara bilgilendirmelerde bulundu. S\u00f6ke \u0130l\u00e7e Jandarma Komutanl\u0131\u011f\u0131 Aile \u0130\u00e7i \u015eiddetle M\u00fccadele ve \u00c7ocuk K\u0131s\u0131m Amirli\u011fi ekipleri, Burunk\u00f6y Mahallesi\u2019nde vatanda\u015flarla bir araya geldi. \u2019\u015eiddetin \u00d6nlenmesi\u2019, \u2019Kad\u0131na El Kalkamaz\u2019 ve \u2019KADES Uygulamas\u0131\u2019 konular\u0131nda bilgilendirme yapan ekipler, kad\u0131nlar\u0131n cep telefonlar\u0131na KADES uygulamas\u0131n\u0131 y\u00fckleyerek kullan\u0131m\u0131&#8230;<\/p>\n","protected":false},"author":1,"featured_media":47567,"comment_status":"open","ping_status":"open","sticky":false,"template":"","format":"standard","meta":{"_crdt_document":"","footnotes":""},"categories":[5],"tags":[],"class_list":["post-47566","post","type-post","status-publish","format-standard","has-post-thumbnail","hentry","category-asayis"],"_links":{"self":[{"href":"https:\/\/www.egemtv.com\/index.php?rest_route=\/wp\/v2\/posts\/47566","targetHints":{"allow":["GET"]}}],"collection":[{"href":"https:\/\/www.egemtv.com\/index.php?rest_route=\/wp\/v2\/posts"}],"about":[{"href":"https:\/\/www.egemtv.com\/index.php?rest_route=\/wp\/v2\/types\/post"}],"author":[{"embeddable":true,"href":"https:\/\/www.egemtv.com\/index.php?rest_route=\/wp\/v2\/users\/1"}],"replies":[{"embeddable":true,"href":"https:\/\/www.egemtv.com\/index.php?rest_route=%2Fwp%2Fv2%2Fcomments&post=47566"}],"version-history":[{"count":1,"href":"https:\/\/www.egemtv.com\/index.php?rest_route=\/wp\/v2\/posts\/47566\/revisions"}],"predecessor-version":[{"id":47568,"href":"https:\/\/www.egemtv.com\/index.php?rest_route=\/wp\/v2\/posts\/47566\/revisions\/47568"}],"wp:featuredmedia":[{"embeddable":true,"href":"https:\/\/www.egemtv.com\/index.php?rest_route=\/wp\/v2\/media\/47567"}],"wp:attachment":[{"href":"https:\/\/www.egemtv.com\/index.php?rest_route=%2Fwp%2Fv2%2Fmedia&parent=47566"}],"wp:term":[{"taxonomy":"category","embeddable":true,"href":"https:\/\/www.egemtv.com\/index.php?rest_route=%2Fwp%2Fv2%2Fcategories&post=47566"},{"taxonomy":"post_tag","embeddable":true,"href":"https:\/\/www.egemtv.com\/index.php?rest_route=%2Fwp%2Fv2%2Ftags&post=47566"}],"curies":[{"name":"wp","href":"https:\/\/api.w.org\/{rel}","templated":true}]}}