{"id":47563,"date":"2025-08-08T12:55:05","date_gmt":"2025-08-08T09:55:05","guid":{"rendered":"https:\/\/www.egemtv.com\/?p=47563"},"modified":"2025-08-08T12:55:06","modified_gmt":"2025-08-08T09:55:06","slug":"hakkinda-7-yil-6-ay-hapis-cezasi-bulunan-sahis-jandarmaya-takildi","status":"publish","type":"post","link":"https:\/\/www.egemtv.com\/?p=47563","title":{"rendered":"Hakk\u0131nda 7 y\u0131l 6 ay hapis cezas\u0131 bulunan \u015fah\u0131s jandarmaya tak\u0131ld\u0131"},"content":{"rendered":"<p>Ayd\u0131n\u2019\u0131n Didim il\u00e7esinde, \u2019m\u00fcstehcen yay\u0131nlar\u0131n \u00fcretiminde \u00e7ocuklar\u0131 kullanmak\u2019 su\u00e7undan hakk\u0131nda kesinle\u015fmi\u015f 7 y\u0131l 6 ay hapis cezas\u0131 bulunan \u015fah\u0131s jandarma ekiplerinin d\u00fczenledi\u011fi operasyonla yakaland\u0131.<br \/>\n<br \/>Edinilen bilgiye g\u00f6re, Didim \u0130l\u00e7e Jandarma Komutanl\u0131\u011f\u0131 ekipleri aranan \u015fah\u0131slar\u0131n yakalanmas\u0131na y\u00f6nelik y\u00fcr\u00fctt\u00fc\u011f\u00fc kapsaml\u0131 \u00e7al\u0131\u015fmalar \u00e7er\u00e7evesinde harekete ge\u00e7ti. Yap\u0131lan istihbari \u00e7al\u0131\u015fmalar sonucunda, hakk\u0131nda \u2019m\u00fcstehcen yay\u0131nlar\u0131n \u00fcretiminde \u00e7ocuklar\u0131 kullanmak\u2019 su\u00e7undan kesinle\u015fmi\u015f hapis cezas\u0131 bulunan E.A.\u2019n\u0131n Yeni Mahalle\u2019de oldu\u011fu tespit edildi. B\u00f6lgeye operasyon d\u00fczenleyen ekipler, E.A.\u2019y\u0131 yakalayarak g\u00f6zalt\u0131na ald\u0131. Jandarmadaki i\u015flemlerinin ard\u0131ndan adli makamlara sevk edilen \u015fah\u0131s, \u00e7\u0131kar\u0131ld\u0131\u011f\u0131 mahkemece tutuklanarak cezaevine g\u00f6nderildi.<br \/><\/p>\n","protected":false},"excerpt":{"rendered":"<p>Ayd\u0131n\u2019\u0131n Didim il\u00e7esinde, \u2019m\u00fcstehcen yay\u0131nlar\u0131n \u00fcretiminde \u00e7ocuklar\u0131 kullanmak\u2019 su\u00e7undan hakk\u0131nda kesinle\u015fmi\u015f 7 y\u0131l 6 ay hapis cezas\u0131 bulunan \u015fah\u0131s jandarma ekiplerinin d\u00fczenledi\u011fi operasyonla yakaland\u0131. Edinilen bilgiye g\u00f6re, Didim \u0130l\u00e7e Jandarma Komutanl\u0131\u011f\u0131 ekipleri aranan \u015fah\u0131slar\u0131n yakalanmas\u0131na y\u00f6nelik y\u00fcr\u00fctt\u00fc\u011f\u00fc kapsaml\u0131 \u00e7al\u0131\u015fmalar \u00e7er\u00e7evesinde harekete ge\u00e7ti. Yap\u0131lan istihbari \u00e7al\u0131\u015fmalar sonucunda, hakk\u0131nda \u2019m\u00fcstehcen yay\u0131nlar\u0131n \u00fcretiminde \u00e7ocuklar\u0131 kullanmak\u2019 su\u00e7undan kesinle\u015fmi\u015f hapis&#8230;<\/p>\n","protected":false},"author":1,"featured_media":47564,"comment_status":"open","ping_status":"open","sticky":false,"template":"","format":"standard","meta":{"_crdt_document":"","footnotes":""},"categories":[5],"tags":[],"class_list":["post-47563","post","type-post","status-publish","format-standard","has-post-thumbnail","hentry","category-asayis"],"_links":{"self":[{"href":"https:\/\/www.egemtv.com\/index.php?rest_route=\/wp\/v2\/posts\/47563","targetHints":{"allow":["GET"]}}],"collection":[{"href":"https:\/\/www.egemtv.com\/index.php?rest_route=\/wp\/v2\/posts"}],"about":[{"href":"https:\/\/www.egemtv.com\/index.php?rest_route=\/wp\/v2\/types\/post"}],"author":[{"embeddable":true,"href":"https:\/\/www.egemtv.com\/index.php?rest_route=\/wp\/v2\/users\/1"}],"replies":[{"embeddable":true,"href":"https:\/\/www.egemtv.com\/index.php?rest_route=%2Fwp%2Fv2%2Fcomments&post=47563"}],"version-history":[{"count":1,"href":"https:\/\/www.egemtv.com\/index.php?rest_route=\/wp\/v2\/posts\/47563\/revisions"}],"predecessor-version":[{"id":47565,"href":"https:\/\/www.egemtv.com\/index.php?rest_route=\/wp\/v2\/posts\/47563\/revisions\/47565"}],"wp:featuredmedia":[{"embeddable":true,"href":"https:\/\/www.egemtv.com\/index.php?rest_route=\/wp\/v2\/media\/47564"}],"wp:attachment":[{"href":"https:\/\/www.egemtv.com\/index.php?rest_route=%2Fwp%2Fv2%2Fmedia&parent=47563"}],"wp:term":[{"taxonomy":"category","embeddable":true,"href":"https:\/\/www.egemtv.com\/index.php?rest_route=%2Fwp%2Fv2%2Fcategories&post=47563"},{"taxonomy":"post_tag","embeddable":true,"href":"https:\/\/www.egemtv.com\/index.php?rest_route=%2Fwp%2Fv2%2Ftags&post=47563"}],"curies":[{"name":"wp","href":"https:\/\/api.w.org\/{rel}","templated":true}]}}