{"id":47560,"date":"2025-08-08T12:55:05","date_gmt":"2025-08-08T09:55:05","guid":{"rendered":"https:\/\/www.egemtv.com\/?p=47560"},"modified":"2025-08-08T12:55:05","modified_gmt":"2025-08-08T09:55:05","slug":"teror-orgutu-uyesi-saklandigi-evde-yakalandi","status":"publish","type":"post","link":"https:\/\/www.egemtv.com\/?p=47560","title":{"rendered":"Ter\u00f6r \u00f6rg\u00fct\u00fc \u00fcyesi sakland\u0131\u011f\u0131 evde yakaland\u0131"},"content":{"rendered":"<p>Ayd\u0131n\u2019\u0131n Nazilli il\u00e7esinde iki bu\u00e7uk y\u0131ld\u0131r aranan ve hakk\u0131nda 7 y\u0131l 6 ay hapis cezas\u0131 bulunan FET\u00d6\/BDY \u00fcyesi kad\u0131n sakland\u0131\u011f\u0131 evde yakaland\u0131.<br \/>\n<br \/>Edinilen bilgiye g\u00f6re, Nazilli\u2019de 2,5 y\u0131ld\u0131r aranan ve 7 y\u0131l 6 ay hapis cezas\u0131 bulunan firari FET\u00d6 \u00fcyesi Zafer Mahallesi2ndeki sakland\u0131\u011f\u0131 eve yap\u0131lan operasyonla yakaland\u0131. Nazilli \u0130l\u00e7e Emniyet M\u00fcd\u00fcrl\u00fc\u011f\u00fc Ter\u00f6rle M\u00fccadele B\u00fcro Amirli\u011fince ter\u00f6r \u00f6rg\u00fct\u00fc \u00fcyelerinin yakalanmas\u0131na y\u00f6nelik yap\u0131lan \u00e7al\u0131\u015fmalar sonucunda; FET\u00d6\/PDY Silahl\u0131 Ter\u00f6r \u00d6rg\u00fct\u00fc \u00fcyesi olan ve 2022 y\u0131l\u0131ndan beri firar durumunda iken sakland\u0131\u011f\u0131 evde yakalanan T.S. isimli \u015f\u00fcpheli adli mercilerce tutuklanarak cezaevine g\u00f6nderildi.<br \/><\/p>\n","protected":false},"excerpt":{"rendered":"<p>Ayd\u0131n\u2019\u0131n Nazilli il\u00e7esinde iki bu\u00e7uk y\u0131ld\u0131r aranan ve hakk\u0131nda 7 y\u0131l 6 ay hapis cezas\u0131 bulunan FET\u00d6\/BDY \u00fcyesi kad\u0131n sakland\u0131\u011f\u0131 evde yakaland\u0131. Edinilen bilgiye g\u00f6re, Nazilli\u2019de 2,5 y\u0131ld\u0131r aranan ve 7 y\u0131l 6 ay hapis cezas\u0131 bulunan firari FET\u00d6 \u00fcyesi Zafer Mahallesi2ndeki sakland\u0131\u011f\u0131 eve yap\u0131lan operasyonla yakaland\u0131. Nazilli \u0130l\u00e7e Emniyet M\u00fcd\u00fcrl\u00fc\u011f\u00fc Ter\u00f6rle M\u00fccadele B\u00fcro Amirli\u011fince&#8230;<\/p>\n","protected":false},"author":1,"featured_media":47561,"comment_status":"open","ping_status":"open","sticky":false,"template":"","format":"standard","meta":{"_crdt_document":"","footnotes":""},"categories":[5],"tags":[],"class_list":["post-47560","post","type-post","status-publish","format-standard","has-post-thumbnail","hentry","category-asayis"],"_links":{"self":[{"href":"https:\/\/www.egemtv.com\/index.php?rest_route=\/wp\/v2\/posts\/47560","targetHints":{"allow":["GET"]}}],"collection":[{"href":"https:\/\/www.egemtv.com\/index.php?rest_route=\/wp\/v2\/posts"}],"about":[{"href":"https:\/\/www.egemtv.com\/index.php?rest_route=\/wp\/v2\/types\/post"}],"author":[{"embeddable":true,"href":"https:\/\/www.egemtv.com\/index.php?rest_route=\/wp\/v2\/users\/1"}],"replies":[{"embeddable":true,"href":"https:\/\/www.egemtv.com\/index.php?rest_route=%2Fwp%2Fv2%2Fcomments&post=47560"}],"version-history":[{"count":1,"href":"https:\/\/www.egemtv.com\/index.php?rest_route=\/wp\/v2\/posts\/47560\/revisions"}],"predecessor-version":[{"id":47562,"href":"https:\/\/www.egemtv.com\/index.php?rest_route=\/wp\/v2\/posts\/47560\/revisions\/47562"}],"wp:featuredmedia":[{"embeddable":true,"href":"https:\/\/www.egemtv.com\/index.php?rest_route=\/wp\/v2\/media\/47561"}],"wp:attachment":[{"href":"https:\/\/www.egemtv.com\/index.php?rest_route=%2Fwp%2Fv2%2Fmedia&parent=47560"}],"wp:term":[{"taxonomy":"category","embeddable":true,"href":"https:\/\/www.egemtv.com\/index.php?rest_route=%2Fwp%2Fv2%2Fcategories&post=47560"},{"taxonomy":"post_tag","embeddable":true,"href":"https:\/\/www.egemtv.com\/index.php?rest_route=%2Fwp%2Fv2%2Ftags&post=47560"}],"curies":[{"name":"wp","href":"https:\/\/api.w.org\/{rel}","templated":true}]}}