{"id":47557,"date":"2025-08-08T12:55:04","date_gmt":"2025-08-08T09:55:04","guid":{"rendered":"https:\/\/www.egemtv.com\/?p=47557"},"modified":"2025-08-08T12:55:05","modified_gmt":"2025-08-08T09:55:05","slug":"erman-sahin-spor-merkezi-yogun-ilgi-goruyor","status":"publish","type":"post","link":"https:\/\/www.egemtv.com\/?p=47557","title":{"rendered":"Erman \u015eahin Spor Merkezi yo\u011fun ilgi g\u00f6r\u00fcyor"},"content":{"rendered":"<p>Mu\u011fla B\u00fcy\u00fck\u015fehir Belediyesi, vatanda\u015flara sa\u011fl\u0131kl\u0131 ya\u015fam al\u0131\u015fkanl\u0131klar\u0131 kazand\u0131rmak ve sporu g\u00fcnl\u00fck hayat\u0131n bir par\u00e7as\u0131 haline getirmek amac\u0131yla faaliyetlerini s\u00fcrd\u00fcr\u00fcyor. Bu kapsamda yak\u0131n zamanda a\u00e7\u0131l\u0131\u015f\u0131 yap\u0131lan Erman \u015eahin Spor Merkezine a\u00e7\u0131ld\u0131\u011f\u0131 g\u00fcnden bu yana 950\u2019yi a\u015fk\u0131n ki\u015fi kay\u0131t yapt\u0131rd\u0131. Erman \u015eahin Spor Merkezinde, aktif olarak faydalanan \u00fcye say\u0131s\u0131 450\u2019ye ula\u015f\u0131rken, g\u00fcnl\u00fck ziyaret\u00e7i say\u0131s\u0131 ise ortalama 300 ila 350 ki\u015fi aras\u0131nda de\u011fi\u015fiyor.<br \/>\n<br \/>Erman \u015eahin Spor Merkezi sa\u011fl\u0131kl\u0131 ya\u015fam\u0131n yeni adresi oldu<br \/>\n<br \/>Toplam bin metrekare kapal\u0131 alana sahip olan spor merkezi, zemin katta 500 metrekare, bodrum katta ise 500 metrekarelik kullan\u0131m alan\u0131yla hizmet veriyor. Vatanda\u015flara y\u00f6nelik fitness e\u011fitimleri ile kad\u0131nlara \u00f6zel olarak sunulan \u00fccretsiz pilates dersleri, d\u00fczenli \u015fekilde ger\u00e7ekle\u015ftiriliyor.<br \/>\n<br \/>Uygun \u00dcyelik Se\u00e7enekleri Dikkat \u00c7ekiyor<br \/>\n<br \/>Erman \u015eahin Spor Merkezi, sosyal belediyecilik anlay\u0131\u015f\u0131yla sporu te\u015fvik edecek \u00fcyelik politikalar\u0131yla dikkat \u00e7ekiyor. Spor merkezinde 65 ya\u015f \u00fcst\u00fc vatanda\u015flara fitness \u00fcyeli\u011fi sadece 1 TL, \u00f6\u011frenci \u00fcyeli\u011fi 300 TL ve tam \u00fcyelik 750 TL olarak belirlendi.<br \/>\n<br \/>Ba\u015fkan Aras: &#8220;Sporu herkes i\u00e7in ula\u015f\u0131labilir hale getiriyoruz&#8221;<br \/>\n<br \/>K\u0131y\u0131 Ege Belediyeler Birli\u011fi ve Mu\u011fla B\u00fcy\u00fck\u015fehir Belediye Ba\u015fkan\u0131 Ahmet Aras, &#8220;Mu\u011fla\u2019m\u0131zda sosyal belediyecilik anlay\u0131\u015f\u0131m\u0131z\u0131 her alanda oldu\u011fu gibi sporda da s\u00fcrd\u00fcr\u00fcyoruz. Sa\u011fl\u0131kl\u0131 bir toplumun temelinde aktif ya\u015fam ve spor al\u0131\u015fkanl\u0131klar\u0131 yer al\u0131yor. Bu bilin\u00e7le vatanda\u015flar\u0131m\u0131z\u0131n talepleri do\u011frultusunda hayata ge\u00e7irdi\u011fimiz Erman \u015eahin Spor Merkezimiz, her ya\u015ftan vatanda\u015f\u0131m\u0131z i\u00e7in eri\u015filebilir ve nitelikli bir spor ortam\u0131 sunuyor. Her detay\u0131 sosyal adaleti g\u00f6zeterek planlad\u0131k.<br \/>\n<br \/>Mu\u011fla\u2019m\u0131zda sporun bir ayr\u0131cal\u0131k de\u011fil, bir hak oldu\u011funu g\u00f6stermek ve t\u00fcm hem\u015fehrilerimizin bu imk\u00e2nlardan e\u015fit \u015fekilde faydalanmas\u0131n\u0131 sa\u011flamak en b\u00fcy\u00fck hedefimiz&#8221; dedi.<br \/><\/p>\n","protected":false},"excerpt":{"rendered":"<p>Mu\u011fla B\u00fcy\u00fck\u015fehir Belediyesi, vatanda\u015flara sa\u011fl\u0131kl\u0131 ya\u015fam al\u0131\u015fkanl\u0131klar\u0131 kazand\u0131rmak ve sporu g\u00fcnl\u00fck hayat\u0131n bir par\u00e7as\u0131 haline getirmek amac\u0131yla faaliyetlerini s\u00fcrd\u00fcr\u00fcyor. Bu kapsamda yak\u0131n zamanda a\u00e7\u0131l\u0131\u015f\u0131 yap\u0131lan Erman \u015eahin Spor Merkezine a\u00e7\u0131ld\u0131\u011f\u0131 g\u00fcnden bu yana 950\u2019yi a\u015fk\u0131n ki\u015fi kay\u0131t yapt\u0131rd\u0131. Erman \u015eahin Spor Merkezinde, aktif olarak faydalanan \u00fcye say\u0131s\u0131 450\u2019ye ula\u015f\u0131rken, g\u00fcnl\u00fck ziyaret\u00e7i say\u0131s\u0131 ise ortalama 300&#8230;<\/p>\n","protected":false},"author":1,"featured_media":47558,"comment_status":"open","ping_status":"open","sticky":false,"template":"","format":"standard","meta":{"_crdt_document":"","footnotes":""},"categories":[4],"tags":[],"class_list":["post-47557","post","type-post","status-publish","format-standard","has-post-thumbnail","hentry","category-spor"],"_links":{"self":[{"href":"https:\/\/www.egemtv.com\/index.php?rest_route=\/wp\/v2\/posts\/47557","targetHints":{"allow":["GET"]}}],"collection":[{"href":"https:\/\/www.egemtv.com\/index.php?rest_route=\/wp\/v2\/posts"}],"about":[{"href":"https:\/\/www.egemtv.com\/index.php?rest_route=\/wp\/v2\/types\/post"}],"author":[{"embeddable":true,"href":"https:\/\/www.egemtv.com\/index.php?rest_route=\/wp\/v2\/users\/1"}],"replies":[{"embeddable":true,"href":"https:\/\/www.egemtv.com\/index.php?rest_route=%2Fwp%2Fv2%2Fcomments&post=47557"}],"version-history":[{"count":1,"href":"https:\/\/www.egemtv.com\/index.php?rest_route=\/wp\/v2\/posts\/47557\/revisions"}],"predecessor-version":[{"id":47559,"href":"https:\/\/www.egemtv.com\/index.php?rest_route=\/wp\/v2\/posts\/47557\/revisions\/47559"}],"wp:featuredmedia":[{"embeddable":true,"href":"https:\/\/www.egemtv.com\/index.php?rest_route=\/wp\/v2\/media\/47558"}],"wp:attachment":[{"href":"https:\/\/www.egemtv.com\/index.php?rest_route=%2Fwp%2Fv2%2Fmedia&parent=47557"}],"wp:term":[{"taxonomy":"category","embeddable":true,"href":"https:\/\/www.egemtv.com\/index.php?rest_route=%2Fwp%2Fv2%2Fcategories&post=47557"},{"taxonomy":"post_tag","embeddable":true,"href":"https:\/\/www.egemtv.com\/index.php?rest_route=%2Fwp%2Fv2%2Ftags&post=47557"}],"curies":[{"name":"wp","href":"https:\/\/api.w.org\/{rel}","templated":true}]}}