{"id":47554,"date":"2025-08-08T12:55:02","date_gmt":"2025-08-08T09:55:02","guid":{"rendered":"https:\/\/www.egemtv.com\/?p=47554"},"modified":"2025-08-08T12:55:04","modified_gmt":"2025-08-08T09:55:04","slug":"yunusemre-genc-orta-oyuncu-esennur-atayi-transfer-etti","status":"publish","type":"post","link":"https:\/\/www.egemtv.com\/?p=47554","title":{"rendered":"Yunusemre gen\u00e7 orta oyuncu Esennur Atay\u2019\u0131 transfer etti"},"content":{"rendered":"<p>Kad\u0131nlar Voleybol 2. Ligi\u2019nde m\u00fccadele eden Yunusemre Belediyespor, d\u0131\u015f transferde 2007 do\u011fumlu orta oyuncu Esennur Atay\u2019\u0131 kadrosuna katt\u0131.<br \/>\n<br \/>Ge\u00e7ti\u011fimiz g\u00fcnlerde pas\u00f6r Ece Dirlikli\u2019yi renklerine ba\u011flayan Yunusemre ekibi, kadrosunu gen\u00e7 yeteneklerle g\u00fc\u00e7lendirmeyi s\u00fcrd\u00fcr\u00fcyor. Son olarak 2. Lig ekiplerinden \u0130zmir Forza Spor Kul\u00fcb\u00fc\u2019nde oynayan 1.85 boyundaki Esennur Atay, altyap\u0131s\u0131ndan yeti\u015fti\u011fi Yunusemre\u2019ye geri d\u00f6nd\u00fc.<br \/>\n<br \/>\u0130mza t\u00f6reninde konu\u015fan Kul\u00fcp Ba\u015fkan\u0131 B\u00fclent Kanik, &#8220;Potansiyeli y\u00fcksek olan altyap\u0131 de\u011ferimiz Esennur\u2019u yeniden kadromuza katarak \u00f6nemli bir ad\u0131m daha att\u0131k. Camiam\u0131za hay\u0131rl\u0131 olsun&#8221; dedi.<br \/>\n<br \/>Transferin ard\u0131ndan duygular\u0131n\u0131 payla\u015fan Esennur Atay ise, &#8220;Bu g\u00fczel yap\u0131lanman\u0131n bir par\u00e7as\u0131 olmaktan mutluyum. Yeni sezonda camiam\u0131za gurur ya\u015fatacak ba\u015far\u0131lara birlikte imza ataca\u011f\u0131m\u0131za inan\u0131yorum&#8221; ifadelerini kulland\u0131.<br \/>\n<br \/>Yunusemre Belediyespor, yeni sezon \u00f6ncesi kadrosunu olu\u015fturma \u00e7al\u0131\u015fmalar\u0131n\u0131 s\u00fcrd\u00fcr\u00fcyor.<br \/><\/p>\n","protected":false},"excerpt":{"rendered":"<p>Kad\u0131nlar Voleybol 2. Ligi\u2019nde m\u00fccadele eden Yunusemre Belediyespor, d\u0131\u015f transferde 2007 do\u011fumlu orta oyuncu Esennur Atay\u2019\u0131 kadrosuna katt\u0131. Ge\u00e7ti\u011fimiz g\u00fcnlerde pas\u00f6r Ece Dirlikli\u2019yi renklerine ba\u011flayan Yunusemre ekibi, kadrosunu gen\u00e7 yeteneklerle g\u00fc\u00e7lendirmeyi s\u00fcrd\u00fcr\u00fcyor. Son olarak 2. Lig ekiplerinden \u0130zmir Forza Spor Kul\u00fcb\u00fc\u2019nde oynayan 1.85 boyundaki Esennur Atay, altyap\u0131s\u0131ndan yeti\u015fti\u011fi Yunusemre\u2019ye geri d\u00f6nd\u00fc. \u0130mza t\u00f6reninde konu\u015fan Kul\u00fcp&#8230;<\/p>\n","protected":false},"author":1,"featured_media":47555,"comment_status":"open","ping_status":"open","sticky":false,"template":"","format":"standard","meta":{"_crdt_document":"","footnotes":""},"categories":[4],"tags":[],"class_list":["post-47554","post","type-post","status-publish","format-standard","has-post-thumbnail","hentry","category-spor"],"_links":{"self":[{"href":"https:\/\/www.egemtv.com\/index.php?rest_route=\/wp\/v2\/posts\/47554","targetHints":{"allow":["GET"]}}],"collection":[{"href":"https:\/\/www.egemtv.com\/index.php?rest_route=\/wp\/v2\/posts"}],"about":[{"href":"https:\/\/www.egemtv.com\/index.php?rest_route=\/wp\/v2\/types\/post"}],"author":[{"embeddable":true,"href":"https:\/\/www.egemtv.com\/index.php?rest_route=\/wp\/v2\/users\/1"}],"replies":[{"embeddable":true,"href":"https:\/\/www.egemtv.com\/index.php?rest_route=%2Fwp%2Fv2%2Fcomments&post=47554"}],"version-history":[{"count":1,"href":"https:\/\/www.egemtv.com\/index.php?rest_route=\/wp\/v2\/posts\/47554\/revisions"}],"predecessor-version":[{"id":47556,"href":"https:\/\/www.egemtv.com\/index.php?rest_route=\/wp\/v2\/posts\/47554\/revisions\/47556"}],"wp:featuredmedia":[{"embeddable":true,"href":"https:\/\/www.egemtv.com\/index.php?rest_route=\/wp\/v2\/media\/47555"}],"wp:attachment":[{"href":"https:\/\/www.egemtv.com\/index.php?rest_route=%2Fwp%2Fv2%2Fmedia&parent=47554"}],"wp:term":[{"taxonomy":"category","embeddable":true,"href":"https:\/\/www.egemtv.com\/index.php?rest_route=%2Fwp%2Fv2%2Fcategories&post=47554"},{"taxonomy":"post_tag","embeddable":true,"href":"https:\/\/www.egemtv.com\/index.php?rest_route=%2Fwp%2Fv2%2Ftags&post=47554"}],"curies":[{"name":"wp","href":"https:\/\/api.w.org\/{rel}","templated":true}]}}