{"id":47551,"date":"2025-08-08T12:35:01","date_gmt":"2025-08-08T09:35:01","guid":{"rendered":"https:\/\/www.egemtv.com\/?p=47551"},"modified":"2025-08-08T12:35:02","modified_gmt":"2025-08-08T09:35:02","slug":"baskan-tetikten-nazilli-belediyesi-halk-oyunlari-toplulugu-ile-gorustu","status":"publish","type":"post","link":"https:\/\/www.egemtv.com\/?p=47551","title":{"rendered":"Ba\u015fkan Tetik\u2019ten Nazilli Belediyesi Halk Oyunlar\u0131 Toplulu\u011fu ile g\u00f6r\u00fc\u015ft\u00fc"},"content":{"rendered":"<p>Nazilli Belediye Ba\u015fkan\u0131 Op. Dr. Ertu\u011frul Tetik; Nazilli Belediyesi Halk Oyunlar\u0131 Toplulu\u011fu\u2019nu ziyaret ederek \u00e7al\u0131\u015fmalar hakk\u0131nda bilgi ald\u0131.<br \/>\n<br \/>E\u011fitmenler Alperen Boyac\u0131 ve Mustafa G\u00fczel liderli\u011finde faaliyetlerini s\u00fcrd\u00fcren toplulukta, k\u00fc\u00e7\u00fck ve b\u00fcy\u00fck gruplardan olu\u015fan 60 ki\u015filik ekip, haftan\u0131n \u00fc\u00e7 g\u00fcn\u00fc Ahmet \u015eensan K\u00fclt\u00fcr Merkezi\u2019nde provalar\u0131n\u0131 ger\u00e7ekle\u015ftiriyor.<br \/>\n<br \/>B\u00fcy\u00fck grup antrenmanlar\u0131 Pazartesi ve \u00c7ar\u015famba g\u00fcnleri, k\u00fc\u00e7\u00fck grup \u00e7al\u0131\u015fmalar\u0131 ise Sal\u0131 g\u00fcn\u00fc yap\u0131l\u0131yor. T\u00fcm antrenmanlar 20.30-22.00 saatleri aras\u0131nda d\u00fczenleniyor.<br \/>\n<br \/>Halk oyunlar\u0131n\u0131n k\u00fclt\u00fcrel miras a\u00e7\u0131s\u0131ndan b\u00fcy\u00fck \u00f6nem ta\u015f\u0131d\u0131\u011f\u0131na dikkat \u00e7eken Ba\u015fkan Tetik; &#8220;B\u00f6lgemizin zengin k\u00fclt\u00fcr\u00fcn\u00fc gelecek nesillere aktarmak i\u00e7in emek veren t\u00fcm e\u011fitmenlerimize ve \u00f6\u011frencilerimize te\u015fekk\u00fcr ediyorum. Nazilli Belediyesi olarak bu t\u00fcr faaliyetleri destekliyor ve yayg\u0131nla\u015ft\u0131r\u0131lmas\u0131 i\u00e7in \u00e7al\u0131\u015f\u0131yoruz. Eme\u011fi ge\u00e7en t\u00fcm e\u011fitmenlerimize ve \u00f6\u011frencilerimize te\u015fekk\u00fcr ediyorum&#8221; dedi.<br \/><\/p>\n","protected":false},"excerpt":{"rendered":"<p>Nazilli Belediye Ba\u015fkan\u0131 Op. Dr. Ertu\u011frul Tetik; Nazilli Belediyesi Halk Oyunlar\u0131 Toplulu\u011fu\u2019nu ziyaret ederek \u00e7al\u0131\u015fmalar hakk\u0131nda bilgi ald\u0131. E\u011fitmenler Alperen Boyac\u0131 ve Mustafa G\u00fczel liderli\u011finde faaliyetlerini s\u00fcrd\u00fcren toplulukta, k\u00fc\u00e7\u00fck ve b\u00fcy\u00fck gruplardan olu\u015fan 60 ki\u015filik ekip, haftan\u0131n \u00fc\u00e7 g\u00fcn\u00fc Ahmet \u015eensan K\u00fclt\u00fcr Merkezi\u2019nde provalar\u0131n\u0131 ger\u00e7ekle\u015ftiriyor. B\u00fcy\u00fck grup antrenmanlar\u0131 Pazartesi ve \u00c7ar\u015famba g\u00fcnleri, k\u00fc\u00e7\u00fck grup \u00e7al\u0131\u015fmalar\u0131&#8230;<\/p>\n","protected":false},"author":1,"featured_media":47552,"comment_status":"open","ping_status":"open","sticky":false,"template":"","format":"standard","meta":{"_crdt_document":"","footnotes":""},"categories":[1],"tags":[],"class_list":["post-47551","post","type-post","status-publish","format-standard","has-post-thumbnail","hentry","category-guncel"],"_links":{"self":[{"href":"https:\/\/www.egemtv.com\/index.php?rest_route=\/wp\/v2\/posts\/47551","targetHints":{"allow":["GET"]}}],"collection":[{"href":"https:\/\/www.egemtv.com\/index.php?rest_route=\/wp\/v2\/posts"}],"about":[{"href":"https:\/\/www.egemtv.com\/index.php?rest_route=\/wp\/v2\/types\/post"}],"author":[{"embeddable":true,"href":"https:\/\/www.egemtv.com\/index.php?rest_route=\/wp\/v2\/users\/1"}],"replies":[{"embeddable":true,"href":"https:\/\/www.egemtv.com\/index.php?rest_route=%2Fwp%2Fv2%2Fcomments&post=47551"}],"version-history":[{"count":1,"href":"https:\/\/www.egemtv.com\/index.php?rest_route=\/wp\/v2\/posts\/47551\/revisions"}],"predecessor-version":[{"id":47553,"href":"https:\/\/www.egemtv.com\/index.php?rest_route=\/wp\/v2\/posts\/47551\/revisions\/47553"}],"wp:featuredmedia":[{"embeddable":true,"href":"https:\/\/www.egemtv.com\/index.php?rest_route=\/wp\/v2\/media\/47552"}],"wp:attachment":[{"href":"https:\/\/www.egemtv.com\/index.php?rest_route=%2Fwp%2Fv2%2Fmedia&parent=47551"}],"wp:term":[{"taxonomy":"category","embeddable":true,"href":"https:\/\/www.egemtv.com\/index.php?rest_route=%2Fwp%2Fv2%2Fcategories&post=47551"},{"taxonomy":"post_tag","embeddable":true,"href":"https:\/\/www.egemtv.com\/index.php?rest_route=%2Fwp%2Fv2%2Ftags&post=47551"}],"curies":[{"name":"wp","href":"https:\/\/api.w.org\/{rel}","templated":true}]}}