{"id":47548,"date":"2025-08-08T11:56:15","date_gmt":"2025-08-08T08:56:15","guid":{"rendered":"https:\/\/www.egemtv.com\/?p=47548"},"modified":"2025-08-08T11:56:16","modified_gmt":"2025-08-08T08:56:16","slug":"baskan-akindan-universite-tercih-merkezine-ziyaret","status":"publish","type":"post","link":"https:\/\/www.egemtv.com\/?p=47548","title":{"rendered":"Ba\u015fkan Ak\u0131n\u2019dan \u00dcniversite Tercih Merkezine ziyaret"},"content":{"rendered":"<p>Turgutlu Belediye Ba\u015fkan\u0131 \u00c7etin Ak\u0131n, Eski Belediye Binas\u0131nda kurulan \u00dcniversite Tercih Merkezi\u2019ni ziyaret ederek \u00f6\u011frencilerle bir araya geldi. Ba\u015fkan \u00c7etin Ak\u0131n, &#8220;Her bir gencimizin hayalini ger\u00e7ekle\u015ftirmesi i\u00e7in yol arkada\u015fl\u0131\u011f\u0131 yapmaya, umutlar\u0131na ortak olmaya devam edece\u011fiz&#8221; dedi.<br \/>\n<br \/>Turgutlu Belediyesinin, \u0130stanbul Ayd\u0131n \u00dcniversitesi i\u015f birli\u011fiyle \u00fcniversite tercihi yapacak \u00f6\u011frencilere \u00fccretsiz dan\u0131\u015fmanl\u0131k hizmeti verdi\u011fi \u00dcniversite Tercih Merkezi bu y\u0131l da \u00f6\u011frencilerin ilgi oda\u011f\u0131 oldu. Merkezde tercih uzmanlar\u0131 taraf\u0131ndan puan, ba\u015far\u0131 s\u0131ralamas\u0131 ve kontenjan gibi kriterlere g\u00f6re tercih yapacak \u00fcniversite adaylar\u0131na destek olunuyor.<br \/>\n<br \/>\u00dcniversite Tercih Merkezinde 12 A\u011fustos Sal\u0131 g\u00fcn\u00fc saat 17.30\u2019a kadar tercih yapacak gen\u00e7lere dan\u0131\u015fmanl\u0131k hizmeti verilmeye devam edilecek.<br \/>\n<br \/>Turgutlu Belediye Ba\u015fkan\u0131 \u00c7etin Ak\u0131n, Ba\u015fkan Yard\u0131mc\u0131s\u0131 H\u00fcseyin Maliz ile birlikte \u00dcniversite Tercih Merkezini ziyaret ederek \u00f6\u011frencilerle, aileleriyle ve tercih uzmanlar\u0131yla bir araya geldi. Akademik e\u011fitimin ve mesleki tecr\u00fcbenin \u00f6neminden bahseden Ba\u015fkan \u00c7etin Ak\u0131n, gen\u00e7lerin hayallerini ve gelecek planlar\u0131n\u0131 dinledi, fikirlerini aktard\u0131.<\/p>\n<p>&#8220;Her bir \u00f6\u011frencimizin umutlar\u0131na ortak olmaya devam edece\u011fiz&#8221;<br \/>\n<br \/>\u00dcniversite Tercih Merkezi projesiyle 2019 y\u0131l\u0131ndan itibaren 5 binden fazla gence tercih konusunda destek olundu\u011funu ifade eden Ba\u015fkan \u00c7etin Ak\u0131n, &#8220;\u00dcniversite adaylar\u0131m\u0131za tercih d\u00f6neminde yol g\u00f6sterebilmek ad\u0131na hayata ge\u00e7irdi\u011fimiz Tercih Dan\u0131\u015fmanl\u0131k Merkezimizi ziyaret ederek \u00f6\u011frencilerimizle ve dan\u0131\u015fman\u0131m\u0131zla bir araya geldik. Her bir gencimizin hayalini ger\u00e7ekle\u015ftirmesi i\u00e7in yol arkada\u015fl\u0131\u011f\u0131 yapmaya, umutlar\u0131na ortak olmaya devam edece\u011fiz&#8221; dedi.<br \/><\/p>\n","protected":false},"excerpt":{"rendered":"<p>Turgutlu Belediye Ba\u015fkan\u0131 \u00c7etin Ak\u0131n, Eski Belediye Binas\u0131nda kurulan \u00dcniversite Tercih Merkezi\u2019ni ziyaret ederek \u00f6\u011frencilerle bir araya geldi. Ba\u015fkan \u00c7etin Ak\u0131n, &#8220;Her bir gencimizin hayalini ger\u00e7ekle\u015ftirmesi i\u00e7in yol arkada\u015fl\u0131\u011f\u0131 yapmaya, umutlar\u0131na ortak olmaya devam edece\u011fiz&#8221; dedi. Turgutlu Belediyesinin, \u0130stanbul Ayd\u0131n \u00dcniversitesi i\u015f birli\u011fiyle \u00fcniversite tercihi yapacak \u00f6\u011frencilere \u00fccretsiz dan\u0131\u015fmanl\u0131k hizmeti verdi\u011fi \u00dcniversite Tercih Merkezi bu&#8230;<\/p>\n","protected":false},"author":1,"featured_media":47549,"comment_status":"open","ping_status":"open","sticky":false,"template":"","format":"standard","meta":{"_crdt_document":"","footnotes":""},"categories":[1],"tags":[],"class_list":["post-47548","post","type-post","status-publish","format-standard","has-post-thumbnail","hentry","category-guncel"],"_links":{"self":[{"href":"https:\/\/www.egemtv.com\/index.php?rest_route=\/wp\/v2\/posts\/47548","targetHints":{"allow":["GET"]}}],"collection":[{"href":"https:\/\/www.egemtv.com\/index.php?rest_route=\/wp\/v2\/posts"}],"about":[{"href":"https:\/\/www.egemtv.com\/index.php?rest_route=\/wp\/v2\/types\/post"}],"author":[{"embeddable":true,"href":"https:\/\/www.egemtv.com\/index.php?rest_route=\/wp\/v2\/users\/1"}],"replies":[{"embeddable":true,"href":"https:\/\/www.egemtv.com\/index.php?rest_route=%2Fwp%2Fv2%2Fcomments&post=47548"}],"version-history":[{"count":1,"href":"https:\/\/www.egemtv.com\/index.php?rest_route=\/wp\/v2\/posts\/47548\/revisions"}],"predecessor-version":[{"id":47550,"href":"https:\/\/www.egemtv.com\/index.php?rest_route=\/wp\/v2\/posts\/47548\/revisions\/47550"}],"wp:featuredmedia":[{"embeddable":true,"href":"https:\/\/www.egemtv.com\/index.php?rest_route=\/wp\/v2\/media\/47549"}],"wp:attachment":[{"href":"https:\/\/www.egemtv.com\/index.php?rest_route=%2Fwp%2Fv2%2Fmedia&parent=47548"}],"wp:term":[{"taxonomy":"category","embeddable":true,"href":"https:\/\/www.egemtv.com\/index.php?rest_route=%2Fwp%2Fv2%2Fcategories&post=47548"},{"taxonomy":"post_tag","embeddable":true,"href":"https:\/\/www.egemtv.com\/index.php?rest_route=%2Fwp%2Fv2%2Ftags&post=47548"}],"curies":[{"name":"wp","href":"https:\/\/api.w.org\/{rel}","templated":true}]}}