{"id":47545,"date":"2025-08-08T11:56:13","date_gmt":"2025-08-08T08:56:13","guid":{"rendered":"https:\/\/www.egemtv.com\/?p=47545"},"modified":"2025-08-08T11:56:15","modified_gmt":"2025-08-08T08:56:15","slug":"taksici-esnafina-iyi-haber-arac-yas-siniri-93-oluyor","status":"publish","type":"post","link":"https:\/\/www.egemtv.com\/?p=47545","title":{"rendered":"Taksici esnaf\u0131na iyi haber: ara\u00e7 ya\u015f s\u0131n\u0131r\u0131 9+3 oluyor"},"content":{"rendered":"<p>\u0130zmir\u2019de taksici esnaf\u0131n\u0131n uzun s\u00fcredir bekledi\u011fi ara\u00e7 yenileme d\u00fczenlemesiyle ilgili \u00f6nemli bir geli\u015fme ya\u015fand\u0131. \u0130zmir Ula\u015f\u0131m Koordinasyon Merkezi (UKOME) Teknik Kurulu\u2019nda g\u00fcndeme al\u0131nan ve k\u0131sa s\u00fcre i\u00e7inde genel kurulda g\u00f6r\u00fc\u015f\u00fclerek karara ba\u011flanmas\u0131 beklenen yeni d\u00fczenlemeyle birlikte, ticari taksiler i\u00e7in ge\u00e7erli olan 9 ya\u015f s\u0131n\u0131r\u0131na ek olarak 3 y\u0131l daha kullan\u0131m hakk\u0131 verilmesi planlan\u0131yor.<br \/>\n<br \/>Bu kapsamda, normal \u015fartlarda 2025 y\u0131l\u0131 sonunda ruhsat s\u00fcresi sona erecek olan 2016 model ticari taksiler, yeni d\u00fczenlemenin onaylanmas\u0131yla birlikte 2028 y\u0131l\u0131 sonuna kadar trafikte kalabilecek.<br \/>\n<br \/>Konuya ili\u015fkin bir radyo program\u0131na kat\u0131lan \u0130zmir \u015eof\u00f6rler ve Otomobilciler Esnaf Odas\u0131 Ba\u015fkan\u0131 Erkan \u00d6zkan, esnafa g\u00fczel haberi \u015fu s\u00f6zlerle duyurdu: &#8220;Ara\u00e7 yenileme maliyetlerinin bu denli artt\u0131\u011f\u0131 bir d\u00f6nemde,9+3 form\u00fcl\u00fc esnaf\u0131m\u0131za \u00f6nemli bir nefes ald\u0131racakt\u0131r. \u00d6zellikle 2016 model ara\u00e7lar\u0131n s\u00fcresi bu sayede 2028\u2019e kadar uzam\u0131\u015f olacak. Bu, esnaf\u0131m\u0131z i\u00e7in b\u00fcy\u00fck bir rahatlama. 2025 y\u0131l\u0131 sonuna kadar ara\u00e7 ve sahip de\u011fi\u015fikliklerinde 9 ya\u015f \u015fart\u0131 aranmayacak. Bu kapsamda, 2016 ve sonras\u0131 model ara\u00e7lar 2028 y\u0131l\u0131 sonuna kadar trafikte kalabilecek. Ancak 2026 y\u0131l\u0131 itibar\u0131yla ara\u00e7 veya sahip de\u011fi\u015fikli\u011finde yeniden mevcut 9 ya\u015f \u015fart\u0131 ge\u00e7erli olacak. Bu nedenle, esnaf\u0131m\u0131z\u0131n ara\u00e7 de\u011fi\u015fikli\u011fi yapabilmesi i\u00e7in \u00f6n\u00fcnde yakla\u015f\u0131k 4 ayl\u0131k bir s\u00fcre bulunuyor.&#8221;<\/p>\n<p>\u00d6TV muafiyeti olmay\u0131nca yenileme zorla\u015ft\u0131<br \/>\n<br \/>Erkan \u00d6zkan a\u00e7\u0131klamas\u0131nda ayr\u0131ca, mevcut y\u00f6netmeli\u011fe g\u00f6re ticari ara\u00e7larda \u00d6TV indiriminin uygulanmamas\u0131n\u0131n, ara\u00e7 yenilemeyi neredeyse imk\u00e2ns\u0131z hale getirdi\u011fine dikkat \u00e7ekti. Artan d\u00f6viz kuru, enflasyon ve y\u00fcksek ara\u00e7 fiyatlar\u0131 nedeniyle esnaf\u0131n yeni ara\u00e7 al\u0131m g\u00fcc\u00fcn\u00fcn kalmad\u0131\u011f\u0131n\u0131 vurgulayan Erkan \u00d6zkan, bu yeni d\u00fczenlemenin bir nebze de olsa mevcut s\u0131k\u0131nt\u0131lara \u00e7\u00f6z\u00fcm sunaca\u011f\u0131n\u0131 belirtti.<br \/>\n<br \/>Mevcut \u015fartlarda, \u0130zmir B\u00fcy\u00fck\u015fehir Belediyesinin y\u00fcr\u00fcrl\u00fckteki Taksi Y\u00f6nergesi\u2019ne g\u00f6re, ticari ara\u00e7lar\u0131n en fazla 9 ya\u015f\u0131nda olmas\u0131 gerekiyordu. Bu kural, \u00f6zellikle pandemi sonras\u0131 artan ekonomik sorunlar nedeniyle esnaf\u0131 ciddi \u015fekilde zor durumda b\u0131rak\u0131yordu. Yeni d\u00fczenleme beklentisi taksici esnaf\u0131 taraf\u0131ndan memnuniyetle kar\u015f\u0131land\u0131.<\/p>\n<p>\u0130zmir B\u00fcy\u00fck\u015fehir\u2019e te\u015fekk\u00fcr<br \/>\n<br \/>\u0130zmir \u015eof\u00f6rler ve Otomobilciler Esnaf Odas\u0131 Ba\u015fkan\u0131 Erkan \u00d6zkan, &#8220;\u0130zmir\u2019de taksici esnaf\u0131n\u0131 yak\u0131ndan ilgilendiren \u00f6nemli bir d\u00fczenlemenin \u015fekillenmesinde, ba\u015fta \u0130zmir B\u00fcy\u00fck\u015fehir Belediye Ba\u015fkan\u0131 Say\u0131n Cemil Tugay olmak \u00fczere s\u00fcrece katk\u0131 sunan t\u00fcm B\u00fcy\u00fck\u015fehir b\u00fcrokratlar\u0131na en i\u00e7ten te\u015fekk\u00fcrlerimizi sunar\u0131z. Say\u0131n Cemil Tugay\u2019\u0131n yan\u0131 s\u0131ra, \u0130zmir B\u00fcy\u00fck\u015fehir Belediyesi Genel Sekreteri Say\u0131n Zeki Y\u0131ld\u0131r\u0131m, Genel Sekreter Yard\u0131mc\u0131s\u0131 Say\u0131n Hakan Uzun, Ula\u015f\u0131m Dairesi Ba\u015fkan\u0131 Say\u0131n \u00d6zg\u00fcr Yal\u00e7\u0131nkaya, UKOME M\u00fcd\u00fcr\u00fc Say\u0131n Nurcan Yanarda\u011f ve Toplu Ula\u015f\u0131m M\u00fcd\u00fcr\u00fc Say\u0131n Erdal G\u00fcrlek, bu s\u00fcre\u00e7 boyunca g\u00f6stermi\u015f olduklar\u0131 yap\u0131c\u0131 yakla\u015f\u0131mlar\u0131 ve \u00e7\u00f6z\u00fcm odakl\u0131 tutumlar\u0131yla esnaf\u0131n yan\u0131nda olmu\u015f, toplumsal diyalog k\u00fclt\u00fcr\u00fcne g\u00fc\u00e7 katm\u0131\u015flard\u0131r. Taksici esnaf\u0131n\u0131n sorunlar\u0131na duyarl\u0131l\u0131kla yakla\u015farak bu s\u00fcreci sahiplenmeleri, \u0130zmir\u2019de kat\u0131l\u0131mc\u0131 ve anlay\u0131\u015fl\u0131 belediyecili\u011fin en g\u00fczel \u00f6rneklerinden biri olmu\u015ftur. Kendilerine esnaf\u0131m\u0131z ad\u0131na \u015f\u00fckranlar\u0131m\u0131z\u0131 sunar\u0131z.&#8221; dedi.<\/p>\n<p>Ara\u00e7lar\u0131n modeli de\u011fil, bak\u0131m\u0131 ve temizli\u011fi \u00f6nemli<br \/>\n<br \/>Taksici esnaf\u0131na y\u00f6nelik bir \u00e7a\u011fr\u0131da bulunan Erkan \u00d6zkan, &#8220;Ara\u00e7lar\u0131m\u0131z\u0131n model y\u0131l\u0131 elbette \u00f6nemli ancak as\u0131l dikkat edilmesi gereken konu, ara\u00e7lar\u0131n d\u00fczenli bak\u0131m\u0131n\u0131n yap\u0131lmas\u0131 ve temizli\u011finin ihmal edilmemesidir. 2022 model bir ara\u00e7 bak\u0131ms\u0131z ve kirliyse, yeni model olmas\u0131n\u0131n bir anlam\u0131 kalmaz. Bu nedenle, model y\u0131l\u0131ndan ziyade arac\u0131n yolcuya g\u00fcven ve konfor sunacak \u015fekilde haz\u0131r olmas\u0131 esast\u0131r.&#8221; diye konu\u015ftu.<br \/><\/p>\n","protected":false},"excerpt":{"rendered":"<p>\u0130zmir\u2019de taksici esnaf\u0131n\u0131n uzun s\u00fcredir bekledi\u011fi ara\u00e7 yenileme d\u00fczenlemesiyle ilgili \u00f6nemli bir geli\u015fme ya\u015fand\u0131. \u0130zmir Ula\u015f\u0131m Koordinasyon Merkezi (UKOME) Teknik Kurulu\u2019nda g\u00fcndeme al\u0131nan ve k\u0131sa s\u00fcre i\u00e7inde genel kurulda g\u00f6r\u00fc\u015f\u00fclerek karara ba\u011flanmas\u0131 beklenen yeni d\u00fczenlemeyle birlikte, ticari taksiler i\u00e7in ge\u00e7erli olan 9 ya\u015f s\u0131n\u0131r\u0131na ek olarak 3 y\u0131l daha kullan\u0131m hakk\u0131 verilmesi planlan\u0131yor. Bu kapsamda,&#8230;<\/p>\n","protected":false},"author":1,"featured_media":47546,"comment_status":"open","ping_status":"open","sticky":false,"template":"","format":"standard","meta":{"_crdt_document":"","footnotes":""},"categories":[1],"tags":[],"class_list":["post-47545","post","type-post","status-publish","format-standard","has-post-thumbnail","hentry","category-guncel"],"_links":{"self":[{"href":"https:\/\/www.egemtv.com\/index.php?rest_route=\/wp\/v2\/posts\/47545","targetHints":{"allow":["GET"]}}],"collection":[{"href":"https:\/\/www.egemtv.com\/index.php?rest_route=\/wp\/v2\/posts"}],"about":[{"href":"https:\/\/www.egemtv.com\/index.php?rest_route=\/wp\/v2\/types\/post"}],"author":[{"embeddable":true,"href":"https:\/\/www.egemtv.com\/index.php?rest_route=\/wp\/v2\/users\/1"}],"replies":[{"embeddable":true,"href":"https:\/\/www.egemtv.com\/index.php?rest_route=%2Fwp%2Fv2%2Fcomments&post=47545"}],"version-history":[{"count":1,"href":"https:\/\/www.egemtv.com\/index.php?rest_route=\/wp\/v2\/posts\/47545\/revisions"}],"predecessor-version":[{"id":47547,"href":"https:\/\/www.egemtv.com\/index.php?rest_route=\/wp\/v2\/posts\/47545\/revisions\/47547"}],"wp:featuredmedia":[{"embeddable":true,"href":"https:\/\/www.egemtv.com\/index.php?rest_route=\/wp\/v2\/media\/47546"}],"wp:attachment":[{"href":"https:\/\/www.egemtv.com\/index.php?rest_route=%2Fwp%2Fv2%2Fmedia&parent=47545"}],"wp:term":[{"taxonomy":"category","embeddable":true,"href":"https:\/\/www.egemtv.com\/index.php?rest_route=%2Fwp%2Fv2%2Fcategories&post=47545"},{"taxonomy":"post_tag","embeddable":true,"href":"https:\/\/www.egemtv.com\/index.php?rest_route=%2Fwp%2Fv2%2Ftags&post=47545"}],"curies":[{"name":"wp","href":"https:\/\/api.w.org\/{rel}","templated":true}]}}