{"id":47542,"date":"2025-08-08T11:56:12","date_gmt":"2025-08-08T08:56:12","guid":{"rendered":"https:\/\/www.egemtv.com\/?p=47542"},"modified":"2025-08-08T11:56:13","modified_gmt":"2025-08-08T08:56:13","slug":"genel-tarim-sayimi-sarigolde-suruyor","status":"publish","type":"post","link":"https:\/\/www.egemtv.com\/?p=47542","title":{"rendered":"Genel tar\u0131m say\u0131m\u0131 Sar\u0131g\u00f6l\u2019de s\u00fcr\u00fcyor"},"content":{"rendered":"<p>Cumhuriyet tarihinin 8. ve en kapsaml\u0131 Tar\u0131m Say\u0131m\u0131, 1 Temmuz 2025 itibar\u0131yla t\u00fcm yurtta e\u015f zamanl\u0131 olarak ba\u015flad\u0131. Manisa\u2019n\u0131n Sar\u0131g\u00f6l il\u00e7esinde de genel tar\u0131m say\u0131m\u0131 \u00e7al\u0131\u015fmalar\u0131 t\u00fcm h\u0131z\u0131yla s\u00fcr\u00fcyor.<br \/>\n<br \/>Sar\u0131g\u00f6l \u0130l\u00e7e Tar\u0131m ve Orman M\u00fcd\u00fcrl\u00fc\u011f\u00fc b\u00fcnyesinde kurulan Genel Tar\u0131m Say\u0131m B\u00fcrosu\u2019nda \u00e7al\u0131\u015fmalar\u0131n titizlikle y\u00fcr\u00fct\u00fcld\u00fc\u011f\u00fc belirtilirken, il\u00e7e genelindeki t\u00fcm \u00e7ift\u00e7ilere \u00e7a\u011fr\u0131da bulunuldu.<br \/>\n<br \/>\u0130l\u00e7e Tar\u0131m ve Orman M\u00fcd\u00fcrl\u00fc\u011f\u00fc\u2019nden yap\u0131lan a\u00e7\u0131klamada, &#8220;Genel Tar\u0131m Say\u0131m\u0131 \u00e7al\u0131\u015fmalar\u0131 kapsam\u0131nda t\u00fcm \u00e7ift\u00e7ilerimizi, m\u00fcd\u00fcrl\u00fc\u011f\u00fcm\u00fcz b\u00fcnyesinde kurulan say\u0131m b\u00fcrosuna davet ediyoruz. Tar\u0131m sekt\u00f6r\u00fcne y\u00f6n verecek bu \u00f6nemli \u00e7al\u0131\u015fmada \u00e7ift\u00e7ilerimizin katk\u0131s\u0131 b\u00fcy\u00fck \u00f6nem ta\u015f\u0131maktad\u0131r.&#8221; denildi.<br \/>\n<br \/>Yetkililer, say\u0131m\u0131n tar\u0131msal \u00fcretim kapasitesinin belirlenmesi, gelece\u011fe y\u00f6nelik politikalar\u0131n olu\u015fturulmas\u0131 ve sekt\u00f6rdeki ihtiya\u00e7lar\u0131n daha sa\u011fl\u0131kl\u0131 tespit edilmesi a\u00e7\u0131s\u0131ndan b\u00fcy\u00fck \u00f6nem ta\u015f\u0131d\u0131\u011f\u0131n\u0131 ifade etti.<br \/><\/p>\n","protected":false},"excerpt":{"rendered":"<p>Cumhuriyet tarihinin 8. ve en kapsaml\u0131 Tar\u0131m Say\u0131m\u0131, 1 Temmuz 2025 itibar\u0131yla t\u00fcm yurtta e\u015f zamanl\u0131 olarak ba\u015flad\u0131. Manisa\u2019n\u0131n Sar\u0131g\u00f6l il\u00e7esinde de genel tar\u0131m say\u0131m\u0131 \u00e7al\u0131\u015fmalar\u0131 t\u00fcm h\u0131z\u0131yla s\u00fcr\u00fcyor. Sar\u0131g\u00f6l \u0130l\u00e7e Tar\u0131m ve Orman M\u00fcd\u00fcrl\u00fc\u011f\u00fc b\u00fcnyesinde kurulan Genel Tar\u0131m Say\u0131m B\u00fcrosu\u2019nda \u00e7al\u0131\u015fmalar\u0131n titizlikle y\u00fcr\u00fct\u00fcld\u00fc\u011f\u00fc belirtilirken, il\u00e7e genelindeki t\u00fcm \u00e7ift\u00e7ilere \u00e7a\u011fr\u0131da bulunuldu. \u0130l\u00e7e Tar\u0131m ve Orman&#8230;<\/p>\n","protected":false},"author":1,"featured_media":47543,"comment_status":"open","ping_status":"open","sticky":false,"template":"","format":"standard","meta":{"_crdt_document":"","footnotes":""},"categories":[125],"tags":[],"class_list":["post-47542","post","type-post","status-publish","format-standard","has-post-thumbnail","hentry","category-ekonomi"],"_links":{"self":[{"href":"https:\/\/www.egemtv.com\/index.php?rest_route=\/wp\/v2\/posts\/47542","targetHints":{"allow":["GET"]}}],"collection":[{"href":"https:\/\/www.egemtv.com\/index.php?rest_route=\/wp\/v2\/posts"}],"about":[{"href":"https:\/\/www.egemtv.com\/index.php?rest_route=\/wp\/v2\/types\/post"}],"author":[{"embeddable":true,"href":"https:\/\/www.egemtv.com\/index.php?rest_route=\/wp\/v2\/users\/1"}],"replies":[{"embeddable":true,"href":"https:\/\/www.egemtv.com\/index.php?rest_route=%2Fwp%2Fv2%2Fcomments&post=47542"}],"version-history":[{"count":1,"href":"https:\/\/www.egemtv.com\/index.php?rest_route=\/wp\/v2\/posts\/47542\/revisions"}],"predecessor-version":[{"id":47544,"href":"https:\/\/www.egemtv.com\/index.php?rest_route=\/wp\/v2\/posts\/47542\/revisions\/47544"}],"wp:featuredmedia":[{"embeddable":true,"href":"https:\/\/www.egemtv.com\/index.php?rest_route=\/wp\/v2\/media\/47543"}],"wp:attachment":[{"href":"https:\/\/www.egemtv.com\/index.php?rest_route=%2Fwp%2Fv2%2Fmedia&parent=47542"}],"wp:term":[{"taxonomy":"category","embeddable":true,"href":"https:\/\/www.egemtv.com\/index.php?rest_route=%2Fwp%2Fv2%2Fcategories&post=47542"},{"taxonomy":"post_tag","embeddable":true,"href":"https:\/\/www.egemtv.com\/index.php?rest_route=%2Fwp%2Fv2%2Ftags&post=47542"}],"curies":[{"name":"wp","href":"https:\/\/api.w.org\/{rel}","templated":true}]}}