{"id":47539,"date":"2025-08-08T11:56:11","date_gmt":"2025-08-08T08:56:11","guid":{"rendered":"https:\/\/www.egemtv.com\/?p=47539"},"modified":"2025-08-08T11:56:12","modified_gmt":"2025-08-08T08:56:12","slug":"ogrenciler-erasmus-ile-pragda-staj-yapacak","status":"publish","type":"post","link":"https:\/\/www.egemtv.com\/?p=47539","title":{"rendered":"\u00d6\u011frenciler Erasmus+ ile Prag\u2019da Staj Yapacak"},"content":{"rendered":"<p>Ala\u015fehir \u015eehit Efkan Mesleki ve Teknik Anadolu Lisesi \u00f6\u011frencileri, Erasmus+ kapsam\u0131nda \u00c7ek Cumhuriyeti\u2019nin ba\u015fkenti Prag\u2019da staj yapacak.<br \/>\n<br \/>Manisa \u0130l Milli E\u011fitim M\u00fcd\u00fcrl\u00fc\u011f\u00fc Akreditasyonu ile y\u00fcr\u00fct\u00fclen Erasmus+ &#8220;Gelece\u011fin Teknoloji Yetenekleri&#8221; adl\u0131 proje \u00e7er\u00e7evesinde Bili\u015fim Teknolojileri Alan\u0131 \u00f6\u011fretmeni Osman Ar\u0131 ve 4 \u00f6\u011frenci, 21 g\u00fcnl\u00fck staj e\u011fitimi i\u00e7in Prag\u2019a gidecek.<br \/>\n<br \/>Proje kapsam\u0131nda okul m\u00fcd\u00fcr\u00fc Nurten Kocakabak, \u00f6\u011fretmen ve \u00f6\u011frencilerle birlikte Ala\u015fehir \u0130l\u00e7e Milli E\u011fitim M\u00fcd\u00fcr\u00fc Fikri \u00c7etinkaya\u2019y\u0131 makam\u0131nda ziyaret ederek proje hakk\u0131nda bilgi verdi.<br \/>\n<br \/>Ziyarette konu\u015fan \u0130l\u00e7e Milli E\u011fitim M\u00fcd\u00fcr\u00fc Fikri \u00c7etinkaya, &#8220;En iyi \u00f6\u011frenme, yaparak ve ya\u015fayarak \u00f6\u011frenmedir. Bu y\u00f6ntemle kazan\u0131lan bilgi ve beceriler kal\u0131c\u0131 olur. Bu \u00f6nemli projede yer alan \u00f6\u011fretmen ve \u00f6\u011frencilerimizi tebrik ediyor, eme\u011fi ge\u00e7en herkese te\u015fekk\u00fcr ediyorum.&#8221; dedi.<br \/>\n<br \/>Projeye kat\u0131lacak \u00f6\u011frenciler, yurtd\u0131\u015f\u0131nda farkl\u0131 k\u00fclt\u00fcrler tan\u0131ma ve mesleki becerilerini geli\u015ftirme imkan\u0131 bulacak.<br \/><\/p>\n","protected":false},"excerpt":{"rendered":"<p>Ala\u015fehir \u015eehit Efkan Mesleki ve Teknik Anadolu Lisesi \u00f6\u011frencileri, Erasmus+ kapsam\u0131nda \u00c7ek Cumhuriyeti\u2019nin ba\u015fkenti Prag\u2019da staj yapacak. Manisa \u0130l Milli E\u011fitim M\u00fcd\u00fcrl\u00fc\u011f\u00fc Akreditasyonu ile y\u00fcr\u00fct\u00fclen Erasmus+ &#8220;Gelece\u011fin Teknoloji Yetenekleri&#8221; adl\u0131 proje \u00e7er\u00e7evesinde Bili\u015fim Teknolojileri Alan\u0131 \u00f6\u011fretmeni Osman Ar\u0131 ve 4 \u00f6\u011frenci, 21 g\u00fcnl\u00fck staj e\u011fitimi i\u00e7in Prag\u2019a gidecek. Proje kapsam\u0131nda okul m\u00fcd\u00fcr\u00fc Nurten Kocakabak, \u00f6\u011fretmen&#8230;<\/p>\n","protected":false},"author":1,"featured_media":47540,"comment_status":"open","ping_status":"open","sticky":false,"template":"","format":"standard","meta":{"_crdt_document":"","footnotes":""},"categories":[1],"tags":[],"class_list":["post-47539","post","type-post","status-publish","format-standard","has-post-thumbnail","hentry","category-guncel"],"_links":{"self":[{"href":"https:\/\/www.egemtv.com\/index.php?rest_route=\/wp\/v2\/posts\/47539","targetHints":{"allow":["GET"]}}],"collection":[{"href":"https:\/\/www.egemtv.com\/index.php?rest_route=\/wp\/v2\/posts"}],"about":[{"href":"https:\/\/www.egemtv.com\/index.php?rest_route=\/wp\/v2\/types\/post"}],"author":[{"embeddable":true,"href":"https:\/\/www.egemtv.com\/index.php?rest_route=\/wp\/v2\/users\/1"}],"replies":[{"embeddable":true,"href":"https:\/\/www.egemtv.com\/index.php?rest_route=%2Fwp%2Fv2%2Fcomments&post=47539"}],"version-history":[{"count":1,"href":"https:\/\/www.egemtv.com\/index.php?rest_route=\/wp\/v2\/posts\/47539\/revisions"}],"predecessor-version":[{"id":47541,"href":"https:\/\/www.egemtv.com\/index.php?rest_route=\/wp\/v2\/posts\/47539\/revisions\/47541"}],"wp:featuredmedia":[{"embeddable":true,"href":"https:\/\/www.egemtv.com\/index.php?rest_route=\/wp\/v2\/media\/47540"}],"wp:attachment":[{"href":"https:\/\/www.egemtv.com\/index.php?rest_route=%2Fwp%2Fv2%2Fmedia&parent=47539"}],"wp:term":[{"taxonomy":"category","embeddable":true,"href":"https:\/\/www.egemtv.com\/index.php?rest_route=%2Fwp%2Fv2%2Fcategories&post=47539"},{"taxonomy":"post_tag","embeddable":true,"href":"https:\/\/www.egemtv.com\/index.php?rest_route=%2Fwp%2Fv2%2Ftags&post=47539"}],"curies":[{"name":"wp","href":"https:\/\/api.w.org\/{rel}","templated":true}]}}