{"id":47536,"date":"2025-08-08T11:35:38","date_gmt":"2025-08-08T08:35:38","guid":{"rendered":"https:\/\/www.egemtv.com\/?p=47536"},"modified":"2025-08-08T11:35:39","modified_gmt":"2025-08-08T08:35:39","slug":"denizde-13-gocmen-kurtarildi-karada-15-gocmen-yakalandi","status":"publish","type":"post","link":"https:\/\/www.egemtv.com\/?p=47536","title":{"rendered":"Denizde 13 g\u00f6\u00e7men kurtar\u0131ld\u0131, karada 15 g\u00f6\u00e7men yakaland\u0131"},"content":{"rendered":"<p>\u0130zmir\u2019in Seferihisar il\u00e7esi a\u00e7\u0131klar\u0131nda motor ar\u0131zas\u0131 nedeniyle s\u00fcr\u00fcklenen lastik bot i\u00e7erisindeki 13 d\u00fczensiz g\u00f6\u00e7men, Sahil G\u00fcvenlik ekipleri taraf\u0131ndan kurtar\u0131l\u0131rken kara \u00fczerinde tespit edilen 15 g\u00f6\u00e7men yine ekipler taraf\u0131ndan kurtar\u0131ld\u0131.<br \/>\n<br \/>6 A\u011fustos saat 13.10\u2019da, Seferihisar il\u00e7esi a\u00e7\u0131klar\u0131nda i\u00e7inde d\u00fczensiz g\u00f6\u00e7menlerin bulundu\u011fu lastik botun motor ar\u0131zas\u0131 nedeniyle s\u00fcr\u00fcklendi\u011fi ve yard\u0131m talebinde bulunuldu\u011fu bilgisi \u00fczerine Sahil G\u00fcvenlik Komutanl\u0131\u011f\u0131 ekipleri harekete ge\u00e7ti. G\u00f6revlendirilen Sahil G\u00fcvenlik Botu TCSG-7, olay yerine ula\u015farak lastik bottaki 13 d\u00fczensiz g\u00f6\u00e7meni kurtard\u0131. Ayn\u0131 g\u00fcn\u00fcn ak\u015fam\u0131 saat 19.30\u2019da ise Dikili il\u00e7esinde g\u00f6revli Sahil G\u00fcvenlik Mobil Radar\u0131 (MORAD-10) taraf\u0131ndan kara \u00fczerinde bir grup d\u00fczensiz g\u00f6\u00e7men tespit edildi. B\u00f6lgeye sevk edilen Sahil G\u00fcvenlik Kolluk Destek Timi ile Dikili \u0130l\u00e7e Jandarma Komutanl\u0131\u011f\u0131 ekipleri ortak operasyon d\u00fczenledi. Operasyonda, kara \u00fczerinde bulunan 7\u2019si \u00e7ocuk 15 d\u00fczensiz g\u00f6\u00e7men yakaland\u0131.<br \/>\n<br \/>G\u00f6\u00e7menler, sa\u011fl\u0131k kontrolleri ve i\u015flemlerinin ard\u0131ndan \u0130l G\u00f6\u00e7 \u0130daresi M\u00fcd\u00fcrl\u00fc\u011f\u00fc Geri G\u00f6nderme Merkezine sevk edildi.<br \/><\/p>\n","protected":false},"excerpt":{"rendered":"<p>\u0130zmir\u2019in Seferihisar il\u00e7esi a\u00e7\u0131klar\u0131nda motor ar\u0131zas\u0131 nedeniyle s\u00fcr\u00fcklenen lastik bot i\u00e7erisindeki 13 d\u00fczensiz g\u00f6\u00e7men, Sahil G\u00fcvenlik ekipleri taraf\u0131ndan kurtar\u0131l\u0131rken kara \u00fczerinde tespit edilen 15 g\u00f6\u00e7men yine ekipler taraf\u0131ndan kurtar\u0131ld\u0131. 6 A\u011fustos saat 13.10\u2019da, Seferihisar il\u00e7esi a\u00e7\u0131klar\u0131nda i\u00e7inde d\u00fczensiz g\u00f6\u00e7menlerin bulundu\u011fu lastik botun motor ar\u0131zas\u0131 nedeniyle s\u00fcr\u00fcklendi\u011fi ve yard\u0131m talebinde bulunuldu\u011fu bilgisi \u00fczerine Sahil G\u00fcvenlik Komutanl\u0131\u011f\u0131&#8230;<\/p>\n","protected":false},"author":1,"featured_media":47537,"comment_status":"open","ping_status":"open","sticky":false,"template":"","format":"standard","meta":{"_crdt_document":"","footnotes":""},"categories":[5],"tags":[],"class_list":["post-47536","post","type-post","status-publish","format-standard","has-post-thumbnail","hentry","category-asayis"],"_links":{"self":[{"href":"https:\/\/www.egemtv.com\/index.php?rest_route=\/wp\/v2\/posts\/47536","targetHints":{"allow":["GET"]}}],"collection":[{"href":"https:\/\/www.egemtv.com\/index.php?rest_route=\/wp\/v2\/posts"}],"about":[{"href":"https:\/\/www.egemtv.com\/index.php?rest_route=\/wp\/v2\/types\/post"}],"author":[{"embeddable":true,"href":"https:\/\/www.egemtv.com\/index.php?rest_route=\/wp\/v2\/users\/1"}],"replies":[{"embeddable":true,"href":"https:\/\/www.egemtv.com\/index.php?rest_route=%2Fwp%2Fv2%2Fcomments&post=47536"}],"version-history":[{"count":1,"href":"https:\/\/www.egemtv.com\/index.php?rest_route=\/wp\/v2\/posts\/47536\/revisions"}],"predecessor-version":[{"id":47538,"href":"https:\/\/www.egemtv.com\/index.php?rest_route=\/wp\/v2\/posts\/47536\/revisions\/47538"}],"wp:featuredmedia":[{"embeddable":true,"href":"https:\/\/www.egemtv.com\/index.php?rest_route=\/wp\/v2\/media\/47537"}],"wp:attachment":[{"href":"https:\/\/www.egemtv.com\/index.php?rest_route=%2Fwp%2Fv2%2Fmedia&parent=47536"}],"wp:term":[{"taxonomy":"category","embeddable":true,"href":"https:\/\/www.egemtv.com\/index.php?rest_route=%2Fwp%2Fv2%2Fcategories&post=47536"},{"taxonomy":"post_tag","embeddable":true,"href":"https:\/\/www.egemtv.com\/index.php?rest_route=%2Fwp%2Fv2%2Ftags&post=47536"}],"curies":[{"name":"wp","href":"https:\/\/api.w.org\/{rel}","templated":true}]}}