{"id":47533,"date":"2025-08-08T11:15:55","date_gmt":"2025-08-08T08:15:55","guid":{"rendered":"https:\/\/www.egemtv.com\/?p=47533"},"modified":"2025-08-08T11:15:56","modified_gmt":"2025-08-08T08:15:56","slug":"simavda-yatili-yaz-kuran-kursu-ogrencilerinin-aquapark-keyfi","status":"publish","type":"post","link":"https:\/\/www.egemtv.com\/?p=47533","title":{"rendered":"Simav\u2019da yat\u0131l\u0131 Yaz Kur\u2019an Kursu \u00f6\u011frencilerinin aquapark keyfi"},"content":{"rendered":"<p>Simav \u0130l\u00e7e M\u00fcft\u00fcl\u00fc\u011f\u00fcne ba\u011fl\u0131 Bo\u011fazk\u00f6y Haf\u0131z Hasan Takak Yat\u0131l\u0131 Kuran Kursu \u00f6\u011frencileri Gediz Il\u0131ca Aquapark Su Oyunlar\u0131 Merkezinde g\u00f6n\u00fcllerince e\u011flendi.<br \/>\n<br \/>Kurs M\u00fcd\u00fcr\u00fc Davut Beydilli \u00f6nc\u00fcl\u00fc\u011f\u00fcnde, Vaiz Bayram Mara\u015fl\u0131, Manevi Dan\u0131\u015fman Osman Aslan ve din g\u00f6revlisi Nurettin G\u00fcder nezaretinde Gediz Il\u0131ca aquaparka giden kurs \u00f6\u011frencileri aquapark\u0131n tad\u0131n\u0131 \u00e7\u0131kard\u0131lar.<br \/>\n<br \/>Kurs M\u00fcd\u00fcr\u00fc Davut Beydilli, Gediz Aquapark\u2019a gitmek i\u00e7in kendilerine otob\u00fcs imkan\u0131 sunan Akda\u011f Belediye Ba\u015fkan\u0131 Fethi Sulu ve \u00e7al\u0131\u015fanlar\u0131na te\u015fekk\u00fcr etti.<br \/><\/p>\n","protected":false},"excerpt":{"rendered":"<p>Simav \u0130l\u00e7e M\u00fcft\u00fcl\u00fc\u011f\u00fcne ba\u011fl\u0131 Bo\u011fazk\u00f6y Haf\u0131z Hasan Takak Yat\u0131l\u0131 Kuran Kursu \u00f6\u011frencileri Gediz Il\u0131ca Aquapark Su Oyunlar\u0131 Merkezinde g\u00f6n\u00fcllerince e\u011flendi. Kurs M\u00fcd\u00fcr\u00fc Davut Beydilli \u00f6nc\u00fcl\u00fc\u011f\u00fcnde, Vaiz Bayram Mara\u015fl\u0131, Manevi Dan\u0131\u015fman Osman Aslan ve din g\u00f6revlisi Nurettin G\u00fcder nezaretinde Gediz Il\u0131ca aquaparka giden kurs \u00f6\u011frencileri aquapark\u0131n tad\u0131n\u0131 \u00e7\u0131kard\u0131lar. Kurs M\u00fcd\u00fcr\u00fc Davut Beydilli, Gediz Aquapark\u2019a gitmek i\u00e7in&#8230;<\/p>\n","protected":false},"author":1,"featured_media":47534,"comment_status":"open","ping_status":"open","sticky":false,"template":"","format":"standard","meta":{"_crdt_document":"","footnotes":""},"categories":[123],"tags":[],"class_list":["post-47533","post","type-post","status-publish","format-standard","has-post-thumbnail","hentry","category-gundem"],"_links":{"self":[{"href":"https:\/\/www.egemtv.com\/index.php?rest_route=\/wp\/v2\/posts\/47533","targetHints":{"allow":["GET"]}}],"collection":[{"href":"https:\/\/www.egemtv.com\/index.php?rest_route=\/wp\/v2\/posts"}],"about":[{"href":"https:\/\/www.egemtv.com\/index.php?rest_route=\/wp\/v2\/types\/post"}],"author":[{"embeddable":true,"href":"https:\/\/www.egemtv.com\/index.php?rest_route=\/wp\/v2\/users\/1"}],"replies":[{"embeddable":true,"href":"https:\/\/www.egemtv.com\/index.php?rest_route=%2Fwp%2Fv2%2Fcomments&post=47533"}],"version-history":[{"count":1,"href":"https:\/\/www.egemtv.com\/index.php?rest_route=\/wp\/v2\/posts\/47533\/revisions"}],"predecessor-version":[{"id":47535,"href":"https:\/\/www.egemtv.com\/index.php?rest_route=\/wp\/v2\/posts\/47533\/revisions\/47535"}],"wp:featuredmedia":[{"embeddable":true,"href":"https:\/\/www.egemtv.com\/index.php?rest_route=\/wp\/v2\/media\/47534"}],"wp:attachment":[{"href":"https:\/\/www.egemtv.com\/index.php?rest_route=%2Fwp%2Fv2%2Fmedia&parent=47533"}],"wp:term":[{"taxonomy":"category","embeddable":true,"href":"https:\/\/www.egemtv.com\/index.php?rest_route=%2Fwp%2Fv2%2Fcategories&post=47533"},{"taxonomy":"post_tag","embeddable":true,"href":"https:\/\/www.egemtv.com\/index.php?rest_route=%2Fwp%2Fv2%2Ftags&post=47533"}],"curies":[{"name":"wp","href":"https:\/\/api.w.org\/{rel}","templated":true}]}}