{"id":47218,"date":"2025-08-06T17:14:50","date_gmt":"2025-08-06T14:14:50","guid":{"rendered":"https:\/\/www.egemtv.com\/?p=47218"},"modified":"2025-08-06T17:14:51","modified_gmt":"2025-08-06T14:14:51","slug":"denizli-ile-guney-afrika-arasinda-egitim-koprusu-kuruldu","status":"publish","type":"post","link":"https:\/\/www.egemtv.com\/?p=47218","title":{"rendered":"Denizli ile G\u00fcney Afrika aras\u0131nda e\u011fitim k\u00f6pr\u00fcs\u00fc kuruldu"},"content":{"rendered":"<p>DEN\u0130ZL\u0130 (\u0130HA) \u2013 Denizli Pamukkale \u00dcniversitesinin (PA\u00dc) uluslararas\u0131la\u015fma hedefleri do\u011frultusunda \u00f6nemli bir ad\u0131m daha at\u0131ld\u0131. Rekt\u00f6r Prof. Dr. Mahmud G\u00fcng\u00f6r\u2019\u00fcn ortaya koydu\u011fu vizyon ve g\u00fc\u00e7l\u00fc destekleri sayesinde PA\u00dc, k\u00fcresel i\u015f birliklerini geni\u015fletmeye devam ediyor.<\/p>\n<p>Bu kapsamda, uluslararas\u0131 ili\u015fkilerden sorumlu Rekt\u00f6r Yard\u0131mc\u0131s\u0131 Prof. Dr. Ersan \u00d6z ve Uluslararas\u0131 \u0130li\u015fkiler Koordinat\u00f6r\u00fc Do\u00e7. Dr. Onur Kula\u00e7, G\u00fcney Afrika\u2019da Durban University of Technology ev sahipli\u011finde d\u00fczenlenen Uluslararas\u0131 Hafta Toplant\u0131s\u0131\u2019na kat\u0131l\u0131m sa\u011flad\u0131. Durban University of Technology temsilcileriyle ilk temas, ge\u00e7ti\u011fimiz ay \u0130stanbul\u2019da Y\u00fcksek\u00f6\u011fretim Kurulu (Y\u00d6K) ve Times Higher Education i\u015f birli\u011finde d\u00fczenlenen Zirve\u2019de ger\u00e7ekle\u015fmi\u015fti. Bu g\u00f6r\u00fc\u015fmelerin ard\u0131ndan PA\u00dc, Uluslararas\u0131 Hafta\u2019ya davet edildi.<\/p>\n<p>Toplant\u0131 kapsam\u0131nda Rekt\u00f6r Yard\u0131mc\u0131s\u0131 Prof. Dr. Ersan \u00d6z, Pamukkale \u00dcniversitesi\u2019nin genel tan\u0131t\u0131m\u0131n\u0131 i\u00e7eren bir sunum ger\u00e7ekle\u015ftirerek kat\u0131l\u0131mc\u0131 \u00fcniversitelere PA\u00dc\u2019y\u00fc tan\u0131tt\u0131. Ard\u0131ndan, Do\u00e7. Dr. Onur Kula\u00e7, PA\u00dc\u2019n\u00fcn uluslararas\u0131la\u015fma vizyonunun temel ta\u015flar\u0131ndan biri olan &#8220;B\u00fct\u00fcnc\u00fcl Uluslararas\u0131la\u015fma Yakla\u015f\u0131m\u0131&#8221; ba\u015fl\u0131kl\u0131 bir konu\u015fma yaparak PA\u00dc\u2019n\u00fcn stratejik hedeflerini payla\u015ft\u0131.<\/p>\n<p>Etkinlik s\u00fcresince Afrika ve G\u00fcney Amerika k\u0131tas\u0131ndan pek \u00e7ok \u00fcniversite ile ikili i\u015f birli\u011fi ve Erasmus+ KA171 anla\u015fma g\u00f6r\u00fc\u015fmeleri ger\u00e7ekle\u015ftirildi. Bu g\u00f6r\u00fc\u015fmeler sonucunda, \u00e7e\u015fitli akademik b\u00f6l\u00fcmleri kapsayan yeni Erasmus+ KA171 anla\u015fmalar\u0131 haz\u0131rland\u0131. Pamukkale \u00dcniversitesi, d\u00fcnya \u00fcniversiteleriyle kurdu\u011fu g\u00fc\u00e7l\u00fc i\u015f birlikleri ve y\u00fcr\u00fctt\u00fc\u011f\u00fc aktif diplomasi ile k\u00fcresel \u00f6l\u00e7ekte g\u00f6r\u00fcn\u00fcrl\u00fc\u011f\u00fcn\u00fc art\u0131rmaya, \u00f6\u011frencilerine ve personellerine daha fazla uluslararas\u0131 f\u0131rsat sunmaya devam ediyor.<br \/><\/p>\n","protected":false},"excerpt":{"rendered":"<p>DEN\u0130ZL\u0130 (\u0130HA) \u2013 Denizli Pamukkale \u00dcniversitesinin (PA\u00dc) uluslararas\u0131la\u015fma hedefleri do\u011frultusunda \u00f6nemli bir ad\u0131m daha at\u0131ld\u0131. Rekt\u00f6r Prof. Dr. Mahmud G\u00fcng\u00f6r\u2019\u00fcn ortaya koydu\u011fu vizyon ve g\u00fc\u00e7l\u00fc destekleri sayesinde PA\u00dc, k\u00fcresel i\u015f birliklerini geni\u015fletmeye devam ediyor. Bu kapsamda, uluslararas\u0131 ili\u015fkilerden sorumlu Rekt\u00f6r Yard\u0131mc\u0131s\u0131 Prof. Dr. Ersan \u00d6z ve Uluslararas\u0131 \u0130li\u015fkiler Koordinat\u00f6r\u00fc Do\u00e7. Dr. Onur Kula\u00e7, G\u00fcney Afrika\u2019da&#8230;<\/p>\n","protected":false},"author":1,"featured_media":47219,"comment_status":"open","ping_status":"open","sticky":false,"template":"","format":"standard","meta":{"_crdt_document":"","footnotes":""},"categories":[1],"tags":[],"class_list":["post-47218","post","type-post","status-publish","format-standard","has-post-thumbnail","hentry","category-guncel"],"_links":{"self":[{"href":"https:\/\/www.egemtv.com\/index.php?rest_route=\/wp\/v2\/posts\/47218","targetHints":{"allow":["GET"]}}],"collection":[{"href":"https:\/\/www.egemtv.com\/index.php?rest_route=\/wp\/v2\/posts"}],"about":[{"href":"https:\/\/www.egemtv.com\/index.php?rest_route=\/wp\/v2\/types\/post"}],"author":[{"embeddable":true,"href":"https:\/\/www.egemtv.com\/index.php?rest_route=\/wp\/v2\/users\/1"}],"replies":[{"embeddable":true,"href":"https:\/\/www.egemtv.com\/index.php?rest_route=%2Fwp%2Fv2%2Fcomments&post=47218"}],"version-history":[{"count":1,"href":"https:\/\/www.egemtv.com\/index.php?rest_route=\/wp\/v2\/posts\/47218\/revisions"}],"predecessor-version":[{"id":47220,"href":"https:\/\/www.egemtv.com\/index.php?rest_route=\/wp\/v2\/posts\/47218\/revisions\/47220"}],"wp:featuredmedia":[{"embeddable":true,"href":"https:\/\/www.egemtv.com\/index.php?rest_route=\/wp\/v2\/media\/47219"}],"wp:attachment":[{"href":"https:\/\/www.egemtv.com\/index.php?rest_route=%2Fwp%2Fv2%2Fmedia&parent=47218"}],"wp:term":[{"taxonomy":"category","embeddable":true,"href":"https:\/\/www.egemtv.com\/index.php?rest_route=%2Fwp%2Fv2%2Fcategories&post=47218"},{"taxonomy":"post_tag","embeddable":true,"href":"https:\/\/www.egemtv.com\/index.php?rest_route=%2Fwp%2Fv2%2Ftags&post=47218"}],"curies":[{"name":"wp","href":"https:\/\/api.w.org\/{rel}","templated":true}]}}