{"id":47215,"date":"2025-08-06T17:14:49","date_gmt":"2025-08-06T14:14:49","guid":{"rendered":"https:\/\/www.egemtv.com\/?p=47215"},"modified":"2025-08-06T17:14:50","modified_gmt":"2025-08-06T14:14:50","slug":"aydin-buyuksehir-kusadasinda-calismalarini-suruduruyor","status":"publish","type":"post","link":"https:\/\/www.egemtv.com\/?p=47215","title":{"rendered":"Ayd\u0131n B\u00fcy\u00fck\u015fehir, Ku\u015fadas\u0131\u2019nda \u00e7al\u0131\u015fmalar\u0131n\u0131 s\u00fcr\u00fcd\u00fcr\u00fcyor"},"content":{"rendered":"<p>Ayd\u0131n B\u00fcy\u00fck\u015fehir Belediyesi, Ku\u015fadas\u0131\u2019nda temizlikten peyzaja, ula\u015f\u0131mdan \u00e7evre d\u00fczenlemelerine kadar geni\u015f \u00e7apl\u0131 \u00e7al\u0131\u015fmalar\u0131na h\u0131z kesmeden devam ediyor. Turizmin kalbi olan il\u00e7ede B\u00fcy\u00fck\u015fehir Belediyesi Park ve Bah\u00e7eler, \u00c7evre Koruma ve Kontrol ile Ula\u015f\u0131m Dairesi Ba\u015fkanl\u0131klar\u0131na ba\u011fl\u0131 ekipler sahada yo\u011fun mesai yap\u0131yor.<\/p>\n<p>Ku\u015fadas\u0131\u2019n\u0131n ana arterleri ve bulvarlar\u0131 yap\u0131lan peyzaj d\u00fczenlemeleriyle estetik bir g\u00f6r\u00fcn\u00fcme kavu\u015furken, ref\u00fcj boyama ve temizlik \u00e7al\u0131\u015fmalar\u0131yla kent daha bak\u0131ml\u0131 hale getiriliyor. B\u00fcy\u00fck\u015fehir Belediyesi\u2019nin fidanl\u0131klar\u0131nda yeti\u015ftirilen reng\u00e2renk mevsimlik \u00e7i\u00e7ekler de Ku\u015fadas\u0131\u2019n\u0131n sokaklar\u0131n\u0131 s\u00fcsl\u00fcyor. Ula\u015f\u0131m Dairesi Ba\u015fkanl\u0131\u011f\u0131 ekipleri, il\u00e7edeki otob\u00fcs duraklar\u0131nda bak\u0131m ve temizlik \u00e7al\u0131\u015fmalar\u0131 ger\u00e7ekle\u015ftirirken, sinyalizasyon sistemleri ve trafik levhalar\u0131n\u0131n da gerekli onar\u0131mlar\u0131n\u0131 tamamlad\u0131. Ekipler, yol \u00e7izgileri ile yaya ge\u00e7itlerinde de yenileme \u00e7al\u0131\u015fmas\u0131 ger\u00e7ekle\u015ftirdi.<\/p>\n<p>&#8220;\u00c7al\u0131\u015fmalar\u0131m\u0131z devam edecek&#8221;<br \/>\n<br \/>\u00c7al\u0131\u015fmalar\u0131n devam edece\u011fini belirten Ayd\u0131n B\u00fcy\u00fck\u015fehir Belediye Ba\u015fkan\u0131 \u00d6zlem \u00c7er\u00e7io\u011flu, &#8220;G\u00fczel Ayd\u0131n\u0131m\u0131z\u0131n t\u00fcm il\u00e7elerinde oldu\u011fu gibi turizm il\u00e7elerimizde de \u00e7al\u0131\u015fmalar\u0131m\u0131z\u0131 mesai mefhumu g\u00f6zetmeksizin s\u00fcrd\u00fcr\u00fcyoruz. \u00c7al\u0131\u015fmalar\u0131m\u0131za devam edecek, il\u00e7elerimizi p\u0131r\u0131l p\u0131r\u0131l tutaca\u011f\u0131z&#8221; dedi.<\/p>\n<p>Vatanda\u015ftan hizmetlere tam not<br \/>\n<br \/>Ayd\u0131n B\u00fcy\u00fck\u015fehir Belediye Ba\u015fkan\u0131 \u00d6zlem \u00c7er\u00e7io\u011flu\u2019nun \u00f6nc\u00fcl\u00fc\u011f\u00fcnde y\u00fcr\u00fct\u00fclen \u00e7al\u0131\u015fmalar, Ku\u015fadal\u0131 vatanda\u015flar taraf\u0131ndan b\u00fcy\u00fck memnuniyetle kar\u015f\u0131lan\u0131yor. \u0130l\u00e7enin d\u00f6rt bir yan\u0131nda s\u00fcrd\u00fcr\u00fclen temizlik, bak\u0131m ve d\u00fczenleme faaliyetleriyle il\u00e7e, Ku\u015fadal\u0131lar ile yerli ve yabanc\u0131 misafirler i\u00e7in daha ya\u015fanabilir ve \u00e7ekici bir kent haline geliyor.<\/p>\n<p>\u00c7al\u0131\u015fmalardan duyduklar\u0131 memnuniyeti dile getiren vatanda\u015flar, Ba\u015fkan \u00c7er\u00e7io\u011flu\u2019na te\u015fekk\u00fcr etti.<br \/><\/p>\n","protected":false},"excerpt":{"rendered":"<p>Ayd\u0131n B\u00fcy\u00fck\u015fehir Belediyesi, Ku\u015fadas\u0131\u2019nda temizlikten peyzaja, ula\u015f\u0131mdan \u00e7evre d\u00fczenlemelerine kadar geni\u015f \u00e7apl\u0131 \u00e7al\u0131\u015fmalar\u0131na h\u0131z kesmeden devam ediyor. Turizmin kalbi olan il\u00e7ede B\u00fcy\u00fck\u015fehir Belediyesi Park ve Bah\u00e7eler, \u00c7evre Koruma ve Kontrol ile Ula\u015f\u0131m Dairesi Ba\u015fkanl\u0131klar\u0131na ba\u011fl\u0131 ekipler sahada yo\u011fun mesai yap\u0131yor. Ku\u015fadas\u0131\u2019n\u0131n ana arterleri ve bulvarlar\u0131 yap\u0131lan peyzaj d\u00fczenlemeleriyle estetik bir g\u00f6r\u00fcn\u00fcme kavu\u015furken, ref\u00fcj boyama ve&#8230;<\/p>\n","protected":false},"author":1,"featured_media":47216,"comment_status":"open","ping_status":"open","sticky":false,"template":"","format":"standard","meta":{"_crdt_document":"","footnotes":""},"categories":[1],"tags":[],"class_list":["post-47215","post","type-post","status-publish","format-standard","has-post-thumbnail","hentry","category-guncel"],"_links":{"self":[{"href":"https:\/\/www.egemtv.com\/index.php?rest_route=\/wp\/v2\/posts\/47215","targetHints":{"allow":["GET"]}}],"collection":[{"href":"https:\/\/www.egemtv.com\/index.php?rest_route=\/wp\/v2\/posts"}],"about":[{"href":"https:\/\/www.egemtv.com\/index.php?rest_route=\/wp\/v2\/types\/post"}],"author":[{"embeddable":true,"href":"https:\/\/www.egemtv.com\/index.php?rest_route=\/wp\/v2\/users\/1"}],"replies":[{"embeddable":true,"href":"https:\/\/www.egemtv.com\/index.php?rest_route=%2Fwp%2Fv2%2Fcomments&post=47215"}],"version-history":[{"count":1,"href":"https:\/\/www.egemtv.com\/index.php?rest_route=\/wp\/v2\/posts\/47215\/revisions"}],"predecessor-version":[{"id":47217,"href":"https:\/\/www.egemtv.com\/index.php?rest_route=\/wp\/v2\/posts\/47215\/revisions\/47217"}],"wp:featuredmedia":[{"embeddable":true,"href":"https:\/\/www.egemtv.com\/index.php?rest_route=\/wp\/v2\/media\/47216"}],"wp:attachment":[{"href":"https:\/\/www.egemtv.com\/index.php?rest_route=%2Fwp%2Fv2%2Fmedia&parent=47215"}],"wp:term":[{"taxonomy":"category","embeddable":true,"href":"https:\/\/www.egemtv.com\/index.php?rest_route=%2Fwp%2Fv2%2Fcategories&post=47215"},{"taxonomy":"post_tag","embeddable":true,"href":"https:\/\/www.egemtv.com\/index.php?rest_route=%2Fwp%2Fv2%2Ftags&post=47215"}],"curies":[{"name":"wp","href":"https:\/\/api.w.org\/{rel}","templated":true}]}}