{"id":47212,"date":"2025-08-06T17:14:48","date_gmt":"2025-08-06T14:14:48","guid":{"rendered":"https:\/\/www.egemtv.com\/?p=47212"},"modified":"2025-08-06T17:14:49","modified_gmt":"2025-08-06T14:14:49","slug":"baskan-cercioglundan-aydina-bir-kultur-merkezi-daha","status":"publish","type":"post","link":"https:\/\/www.egemtv.com\/?p=47212","title":{"rendered":"Ba\u015fkan \u00c7er\u00e7io\u011flu\u2019ndan Ayd\u0131n\u2019a bir k\u00fclt\u00fcr merkezi daha"},"content":{"rendered":"<p>Ayd\u0131n B\u00fcy\u00fck\u015fehir Belediye Ba\u015fkan\u0131 \u00d6zlem \u00c7er\u00e7io\u011flu\u2019nun \u00f6nc\u00fcl\u00fc\u011f\u00fcnde ba\u015flat\u0131lan yeni k\u00fclt\u00fcr merkezi projesi, \u0130smet Sezgin Park\u0131 i\u00e7erisinde hayata ge\u00e7iriliyor.<\/p>\n<p>Ayd\u0131n\u2019\u0131n d\u00f6rt bir yan\u0131na kazand\u0131r\u0131lan tesislerle kentin \u00e7ehresi her ge\u00e7en g\u00fcn de\u011fi\u015firken, yeni k\u00fclt\u00fcr merkezi projesi de t\u00fcm Ayd\u0131nl\u0131lar\u0131n faydalanabilece\u011fi kapsaml\u0131 bir sosyal alan olarak dikkat \u00e7ekiyor. Kente de\u011fer sa\u011flayacak projeler \u00fcretmeye ve bunlar\u0131 hayata ge\u00e7irmeye devam ettiklerini ifade eden Ayd\u0131n B\u00fcy\u00fck\u015fehir Belediye Ba\u015fkan\u0131 \u00d6zlem \u00c7er\u00e7io\u011flu, &#8220;S\u00f6z verdik, yapt\u0131k ve yapmaya da devam ediyoruz&#8221; dedi.<\/p>\n<p>\u00d6\u011frendiklerini peki\u015ftirme f\u0131rsat\u0131 yakalayacaklar<br \/>\n<br \/>K\u00fclt\u00fcr merkezinde \u00f6zellikle \u00f6\u011frencilere, \u00e7ok say\u0131da destekleyici imk\u00e2nlarda sunulacak. 2. s\u0131n\u0131ftan 8. s\u0131n\u0131f \u00f6\u011frencilerine kadar hizmet verecek merkezde, Matematik, T\u00fcrk\u00e7e, Fen Bilimleri, \u0130ngilizce ve Sosyal Bilgiler gibi derslerle \u00f6\u011frenciler okulda \u00f6\u011frendiklerini peki\u015ftirme f\u0131rsat\u0131 yakalayacak.<\/p>\n<p>Ayr\u0131ca \u00e7ocuklar ve gen\u00e7lerin sanatsal y\u00f6nlerini geli\u015ftirmelerine imkan tan\u0131yacak kurslar da merkezde yer alacak. Resim, satran\u00e7, gitar ve ba\u011flama gibi bir\u00e7ok farkl\u0131 bran\u015fta d\u00fczenlenecek at\u00f6lye \u00e7al\u0131\u015fmalar\u0131yla, bireylerin hem ki\u015fisel geli\u015fimlerine katk\u0131 sa\u011flanacak hem de sosyal ba\u011flar\u0131 g\u00fc\u00e7lendirilecek.<\/p>\n<p>Bir\u00e7ok etkinli\u011fe ev sahipli\u011fi yapacak<br \/>\n<br \/>Yeni k\u00fclt\u00fcr merkezi ayn\u0131 zamanda sosyal etkinliklerin de merkezi olacak. \u0130smet Sezgin Park\u0131\u2019n\u0131n i\u00e7erisinde konumlanan bu yeni proje, do\u011fayla i\u00e7 i\u00e7e bir alanda vatanda\u015flar\u0131n k\u00fclt\u00fcr ve sanatla bulu\u015fmas\u0131na imkan tan\u0131yacak.<br \/><\/p>\n","protected":false},"excerpt":{"rendered":"<p>Ayd\u0131n B\u00fcy\u00fck\u015fehir Belediye Ba\u015fkan\u0131 \u00d6zlem \u00c7er\u00e7io\u011flu\u2019nun \u00f6nc\u00fcl\u00fc\u011f\u00fcnde ba\u015flat\u0131lan yeni k\u00fclt\u00fcr merkezi projesi, \u0130smet Sezgin Park\u0131 i\u00e7erisinde hayata ge\u00e7iriliyor. Ayd\u0131n\u2019\u0131n d\u00f6rt bir yan\u0131na kazand\u0131r\u0131lan tesislerle kentin \u00e7ehresi her ge\u00e7en g\u00fcn de\u011fi\u015firken, yeni k\u00fclt\u00fcr merkezi projesi de t\u00fcm Ayd\u0131nl\u0131lar\u0131n faydalanabilece\u011fi kapsaml\u0131 bir sosyal alan olarak dikkat \u00e7ekiyor. Kente de\u011fer sa\u011flayacak projeler \u00fcretmeye ve bunlar\u0131 hayata ge\u00e7irmeye devam&#8230;<\/p>\n","protected":false},"author":1,"featured_media":47213,"comment_status":"open","ping_status":"open","sticky":false,"template":"","format":"standard","meta":{"_crdt_document":"","footnotes":""},"categories":[1],"tags":[],"class_list":["post-47212","post","type-post","status-publish","format-standard","has-post-thumbnail","hentry","category-guncel"],"_links":{"self":[{"href":"https:\/\/www.egemtv.com\/index.php?rest_route=\/wp\/v2\/posts\/47212","targetHints":{"allow":["GET"]}}],"collection":[{"href":"https:\/\/www.egemtv.com\/index.php?rest_route=\/wp\/v2\/posts"}],"about":[{"href":"https:\/\/www.egemtv.com\/index.php?rest_route=\/wp\/v2\/types\/post"}],"author":[{"embeddable":true,"href":"https:\/\/www.egemtv.com\/index.php?rest_route=\/wp\/v2\/users\/1"}],"replies":[{"embeddable":true,"href":"https:\/\/www.egemtv.com\/index.php?rest_route=%2Fwp%2Fv2%2Fcomments&post=47212"}],"version-history":[{"count":1,"href":"https:\/\/www.egemtv.com\/index.php?rest_route=\/wp\/v2\/posts\/47212\/revisions"}],"predecessor-version":[{"id":47214,"href":"https:\/\/www.egemtv.com\/index.php?rest_route=\/wp\/v2\/posts\/47212\/revisions\/47214"}],"wp:featuredmedia":[{"embeddable":true,"href":"https:\/\/www.egemtv.com\/index.php?rest_route=\/wp\/v2\/media\/47213"}],"wp:attachment":[{"href":"https:\/\/www.egemtv.com\/index.php?rest_route=%2Fwp%2Fv2%2Fmedia&parent=47212"}],"wp:term":[{"taxonomy":"category","embeddable":true,"href":"https:\/\/www.egemtv.com\/index.php?rest_route=%2Fwp%2Fv2%2Fcategories&post=47212"},{"taxonomy":"post_tag","embeddable":true,"href":"https:\/\/www.egemtv.com\/index.php?rest_route=%2Fwp%2Fv2%2Ftags&post=47212"}],"curies":[{"name":"wp","href":"https:\/\/api.w.org\/{rel}","templated":true}]}}