{"id":47209,"date":"2025-08-06T16:34:56","date_gmt":"2025-08-06T13:34:56","guid":{"rendered":"https:\/\/www.egemtv.com\/?p=47209"},"modified":"2025-08-06T16:34:58","modified_gmt":"2025-08-06T13:34:58","slug":"otizmli-cocuklar-umke-gonulluleri-ile-bulustu","status":"publish","type":"post","link":"https:\/\/www.egemtv.com\/?p=47209","title":{"rendered":"Otizmli \u00e7ocuklar UMKE g\u00f6n\u00fcll\u00fcleri ile bulu\u015ftu"},"content":{"rendered":"<p>Afyonkarahisar\u2019da Ulusal UMKE Haftas\u0131 kapsam\u0131nda d\u00fczenlenen etkinlikte, otizmli \u00e7ocuklar, UMKE g\u00f6n\u00fcll\u00fcleriyle bir araya gelerek afet fark\u0131ndal\u0131\u011f\u0131 e\u011fitimi ald\u0131.<br \/>\n<br \/>Ulusal Medikal Kurtarma Ekibi (UMKE) Haftas\u0131 etkinlikleri kapsam\u0131nda, \u0130l Sa\u011fl\u0131k M\u00fcd\u00fcr\u00fc Dr. Hakk\u0131 \u00d6zt\u00fcrk\u2019\u00fcn \u00f6nc\u00fcl\u00fc\u011f\u00fcnde \u00f6zel bir program d\u00fczenlendi. Programda, otizmli bireylerin toplumsal ya\u015fama aktif kat\u0131l\u0131m\u0131n\u0131n desteklenmesi ve afet d\u00f6nemlerinde incinebilir gruplar olarak tan\u0131mlanan bireylere y\u00f6nelik fark\u0131ndal\u0131\u011f\u0131n art\u0131r\u0131lmas\u0131 hedeflendi.<\/p>\n<p>Otizmli \u00e7ocuklar, UMKE personeline karanfil takdim etti.<br \/>\n<br \/>Sa\u011fl\u0131k Hizmetleri Ba\u015fkan\u0131 Dr. \u0130lker Ahmet \u00c7\u0131nar ve UMKE Birimi koordinasyonunda ger\u00e7ekle\u015fen etkinlikte, otizmli \u00e7ocuklar UMKE Acil Sa\u011fl\u0131k Hizmetleri \u0130stasyonu\u2019nda (ASH\u0130) g\u00f6n\u00fcll\u00fclerle bir araya geldi. Program \u00e7er\u00e7evesinde UMKE g\u00f6n\u00fcll\u00fcleri taraf\u0131ndan \u00e7ocuklara y\u00f6nelik Afet Fark\u0131ndal\u0131k E\u011fitimi d\u00fczenlendi; UMKE\u2019nin g\u00f6revleri ve 112 Acil Sa\u011fl\u0131k sistemine ili\u015fkin tan\u0131t\u0131mlar yap\u0131ld\u0131.<br \/>\n<br \/>Etkinli\u011fe kat\u0131lan otizmli bireyler, bir g\u00fcnl\u00fc\u011f\u00fcne sembolik olarak UMKE g\u00f6n\u00fcll\u00fcs\u00fc oldular. Kat\u0131l\u0131mc\u0131 \u00e7ocuklar, UMKE personeline karanfil takdim ederek g\u00f6n\u00fcll\u00fclere emeklerinden \u00f6t\u00fcr\u00fc te\u015fekk\u00fcr etti. Bu anlaml\u0131 etkinlik, UMKE Haftas\u0131 i\u00e7in \u00f6zel olarak haz\u0131rlanan pastan\u0131n kesilmesiyle son buldu.<br \/>\n<br \/>Otizmli bireylerin acil durum ve afet bilinci kazanmas\u0131na katk\u0131 sunan bu bulu\u015fma, hem toplumsal fark\u0131ndal\u0131\u011f\u0131 art\u0131rd\u0131 hem de g\u00f6n\u00fcll\u00fcl\u00fck ruhuna g\u00fc\u00e7l\u00fc bir \u00f6rnek te\u015fkil etti.<br \/><\/p>\n","protected":false},"excerpt":{"rendered":"<p>Afyonkarahisar\u2019da Ulusal UMKE Haftas\u0131 kapsam\u0131nda d\u00fczenlenen etkinlikte, otizmli \u00e7ocuklar, UMKE g\u00f6n\u00fcll\u00fcleriyle bir araya gelerek afet fark\u0131ndal\u0131\u011f\u0131 e\u011fitimi ald\u0131. Ulusal Medikal Kurtarma Ekibi (UMKE) Haftas\u0131 etkinlikleri kapsam\u0131nda, \u0130l Sa\u011fl\u0131k M\u00fcd\u00fcr\u00fc Dr. Hakk\u0131 \u00d6zt\u00fcrk\u2019\u00fcn \u00f6nc\u00fcl\u00fc\u011f\u00fcnde \u00f6zel bir program d\u00fczenlendi. Programda, otizmli bireylerin toplumsal ya\u015fama aktif kat\u0131l\u0131m\u0131n\u0131n desteklenmesi ve afet d\u00f6nemlerinde incinebilir gruplar olarak tan\u0131mlanan bireylere y\u00f6nelik fark\u0131ndal\u0131\u011f\u0131n&#8230;<\/p>\n","protected":false},"author":1,"featured_media":47210,"comment_status":"open","ping_status":"open","sticky":false,"template":"","format":"standard","meta":{"_crdt_document":"","footnotes":""},"categories":[2],"tags":[],"class_list":["post-47209","post","type-post","status-publish","format-standard","has-post-thumbnail","hentry","category-saglik"],"_links":{"self":[{"href":"https:\/\/www.egemtv.com\/index.php?rest_route=\/wp\/v2\/posts\/47209","targetHints":{"allow":["GET"]}}],"collection":[{"href":"https:\/\/www.egemtv.com\/index.php?rest_route=\/wp\/v2\/posts"}],"about":[{"href":"https:\/\/www.egemtv.com\/index.php?rest_route=\/wp\/v2\/types\/post"}],"author":[{"embeddable":true,"href":"https:\/\/www.egemtv.com\/index.php?rest_route=\/wp\/v2\/users\/1"}],"replies":[{"embeddable":true,"href":"https:\/\/www.egemtv.com\/index.php?rest_route=%2Fwp%2Fv2%2Fcomments&post=47209"}],"version-history":[{"count":1,"href":"https:\/\/www.egemtv.com\/index.php?rest_route=\/wp\/v2\/posts\/47209\/revisions"}],"predecessor-version":[{"id":47211,"href":"https:\/\/www.egemtv.com\/index.php?rest_route=\/wp\/v2\/posts\/47209\/revisions\/47211"}],"wp:featuredmedia":[{"embeddable":true,"href":"https:\/\/www.egemtv.com\/index.php?rest_route=\/wp\/v2\/media\/47210"}],"wp:attachment":[{"href":"https:\/\/www.egemtv.com\/index.php?rest_route=%2Fwp%2Fv2%2Fmedia&parent=47209"}],"wp:term":[{"taxonomy":"category","embeddable":true,"href":"https:\/\/www.egemtv.com\/index.php?rest_route=%2Fwp%2Fv2%2Fcategories&post=47209"},{"taxonomy":"post_tag","embeddable":true,"href":"https:\/\/www.egemtv.com\/index.php?rest_route=%2Fwp%2Fv2%2Ftags&post=47209"}],"curies":[{"name":"wp","href":"https:\/\/api.w.org\/{rel}","templated":true}]}}