{"id":47206,"date":"2025-08-06T16:34:56","date_gmt":"2025-08-06T13:34:56","guid":{"rendered":"https:\/\/www.egemtv.com\/?p=47206"},"modified":"2025-08-06T16:34:56","modified_gmt":"2025-08-06T13:34:56","slug":"aydinda-kuru-incir-sektoru-masaya-yatirildi","status":"publish","type":"post","link":"https:\/\/www.egemtv.com\/?p=47206","title":{"rendered":"Ayd\u0131n\u2019da kuru incir sekt\u00f6r\u00fc masaya yat\u0131r\u0131ld\u0131"},"content":{"rendered":"<p>D\u00fcnyan\u0131n en kaliteli incirlerinin yeti\u015fti\u011fi Ayd\u0131n\u2019\u0131n ev sahipli\u011finde ger\u00e7ekle\u015ftirilen toplant\u0131da 2024 y\u0131l\u0131 kuru incir ihracat\u0131 de\u011ferlendirilirken, kuru incirin 2025 rotas\u0131 belirlendi. Sekt\u00f6r temsilcilerinin kat\u0131ld\u0131\u011f\u0131 toplant\u0131da sorunlar ve talepler de masaya yat\u0131r\u0131ld\u0131.<\/p>\n<p>Ayd\u0131n Ticaret Borsas\u0131 koordinesinde 2024-2025 Sezonu Kuru \u0130ncir Sekt\u00f6r Toplant\u0131s\u0131 ger\u00e7ekle\u015ftirildi. Borsan\u0131n konferans salonunda iki oturum \u015feklinde ger\u00e7ekle\u015ftirilen toplant\u0131da, sekt\u00f6r\u00fcn sorunlar\u0131 masaya yat\u0131r\u0131l\u0131rken \u00fcreticilerin talepleri ve \u00e7\u00f6z\u00fcm \u00f6nerileri de g\u00f6r\u00fc\u015f\u00fcld\u00fc. Toplant\u0131n\u0131n a\u00e7\u0131l\u0131\u015f konu\u015fmas\u0131n\u0131 ger\u00e7ekle\u015ftiren Ayd\u0131n Ticaret Borsas\u0131 Y\u00f6netim Kurulu Ba\u015fkan\u0131 Fevzi \u00c7ondur, &#8220;2024-2025 sezonunda \u00fclkemizde toplam 69 bin 953 ton kuru incir \u00fcretimi yap\u0131lm\u0131\u015f olup bu \u00fcretimin 54 bin 85 tonu ilimizde ger\u00e7ekle\u015fmi\u015ftir. D\u00fcnya incir \u00fcretimi ve ihracat\u0131nda ilk s\u0131rada yer alan \u00fclkemizde, 2024-2025 sezonunda 57 bin 320 ton kuru incir ihracat\u0131 ger\u00e7ekle\u015fmi\u015f olup bu ihracat\u0131n 43 bin 213 tonu ilimize aittir. 2024-2025 sezonu hms ortalama kg fiyat\u0131 168,33 TL\u2018dir. Ayd\u0131n Ticaret Borsas\u0131 olarak her sezon ba\u015f\u0131nda ger\u00e7ekle\u015ftirdi\u011fimiz kuru incir sekt\u00f6r toplant\u0131lar\u0131nda, \u00fcyelerimizden gelen talep ve beklentileri ilgili kurum ve kurulu\u015flara iletmeyi g\u00f6rev bildik. Kar\u015f\u0131la\u015f\u0131lan sorunlar\u0131n \u00e7\u00f6z\u00fcm\u00fc, \u00fcr\u00fcnlerimizin katma de\u011ferinin art\u0131r\u0131lmas\u0131 ve yeni pazarlar\u0131n olu\u015fturulmas\u0131 i\u00e7in \u00e7e\u015fitli \u00e7al\u0131\u015fmalara \u00f6nc\u00fcl\u00fck ettik&#8221; dedi.<\/p>\n<p>Sekt\u00f6r toplant\u0131lar\u0131 sonras\u0131nda haz\u0131rlanan raporlar neticesinde \u00e7al\u0131\u015fmalar ger\u00e7ekle\u015ftirdiklerini ifade eden \u00c7ondur, &#8220;Ge\u00e7en y\u0131l d\u00fczenledi\u011fimiz sekt\u00f6r toplant\u0131s\u0131 sonras\u0131nda haz\u0131rlad\u0131\u011f\u0131m\u0131z raporda, \u00fcyelerimizin \u00f6zellikle ihracatta ya\u015fad\u0131\u011f\u0131 sorunlara dikkat \u00e7ektik. \u00dcyelerimizden gelen talepler do\u011frultusunda, ihra\u00e7 edilen kuru incirlerin \u00e7e\u015fitli nedenlerle geri d\u00f6nmesi halinde, ilk s\u0131n\u0131r giri\u015f noktas\u0131ndaki g\u00fcmr\u00fck i\u015flemlerinin ihracat\u00e7\u0131lar\u0131m\u0131z i\u00e7in ciddi ma\u011fduriyet ve prestij kayb\u0131na yol a\u00e7t\u0131\u011f\u0131n\u0131 g\u00fcndeme getirdik. Bu sorunun \u00e7\u00f6z\u00fcm\u00fc i\u00e7in Ticaret Bakanl\u0131\u011f\u0131 G\u00fcmr\u00fckler Genel M\u00fcd\u00fcr\u00fc Mustafa G\u00fcm\u00fc\u015f\u2019\u00fc ziyaret ederek, geri d\u00f6nen \u00fcr\u00fcnlerin ilk s\u0131n\u0131r giri\u015f noktas\u0131na ba\u011fl\u0131 kalmak \u015fart\u0131yla Ayd\u0131n\u2019daki antrepolara \u00e7ekilmesini talep ettik. Bu g\u00f6r\u00fc\u015fmede, \u00fcr\u00fcnlerin g\u0131da g\u00fcvenli\u011fi kontrolleri tamamlanana kadar Ayd\u0131n\u2019da muhafaza edilmesi konusundaki talebimizi ilettik. \u00dcyelerimizin talepleri do\u011frultusunda \u00e7al\u0131\u015fmalar\u0131m\u0131za aral\u0131ks\u0131z devam ediyor; \u00fccretsiz e-ticaret ve dan\u0131\u015fmanl\u0131k hizmetlerimizle de \u00fcyelerimizin ticaret hayat\u0131na katk\u0131 sa\u011flamaya \u00e7al\u0131\u015f\u0131yoruz. Bu kapsamda, kurdu\u011fumuz y\u00f6resel ayd\u0131n platformu ile \u00fcyelerimizin \u00fcr\u00fcnlerini do\u011frudan nihai t\u00fcketiciyle bulu\u015fturuyor; fuar ve etkinliklerde \u00fcr\u00fcn tedarik etmek isteyen t\u00fcketicilerin platform \u00fczerinden \u00fcyelerimizle ileti\u015fime ge\u00e7mesini sa\u011fl\u0131yoruz. Ayr\u0131ca, T\u00fcrk Patent ve Marka Kurumu ile imzalad\u0131\u011f\u0131m\u0131z i\u015f birli\u011fi protokol\u00fc kapsam\u0131nda T\u00fcrkiye\u2019deki ticaret borsalar\u0131 aras\u0131nda bir ilke imza atarak hayata ge\u00e7irdi\u011fimiz s\u0131nai m\u00fclkiyet dan\u0131\u015fma birimi ile markala\u015fma, patent, tasar\u0131m ve co\u011frafi i\u015faret gibi alanlarda sadece \u00fcyelerimize de\u011fil, giri\u015fimci firmalara da her ay d\u00fczenli g\u00f6r\u00fc\u015fmelerle \u00fccretsiz dan\u0131\u015fmanl\u0131k deste\u011fi sunuyoruz. Bu birimle, fikri ve s\u0131nai haklar\u0131n korunmas\u0131na katk\u0131 sa\u011flayarak b\u00f6lge ekonomisine de\u011fer katmay\u0131 hedefliyoruz&#8221; diye konu\u015ftu.<\/p>\n<p>Ayd\u0131n Ticaret Borsas\u0131 Ba\u015fkan\u0131 \u00c7ondur d\u00fcnyada incir ticaretini verilerine g\u00f6re; 2020-2024 y\u0131llar\u0131 aras\u0131ndaki ihracat verilerini miktar a\u00e7\u0131s\u0131ndan incelendi\u011finde ortalama en y\u00fcksek ihracat\u0131n 90 bin 258 ton ve y\u00fczde 47\u2019lik pay ile T\u00fcrkiye taraf\u0131ndan ger\u00e7ekle\u015ftirildi\u011fi g\u00f6r\u00fcld\u00fc\u011f\u00fcn\u00fc belirterek, &#8220;Borsam\u0131z\u0131n, ger\u00e7ekle\u015ftirdi\u011fi sekt\u00f6r toplant\u0131lar\u0131nda tespit edilen sorunlar\u0131n \u00e7\u00f6z\u00fcm\u00fc ve sekt\u00f6r\u00fcm\u00fcz\u00fcn daha g\u00fc\u00e7l\u00fc bir \u015fekilde yoluna devam edebilmesi i\u00e7in ilgili t\u00fcm mercilerle i\u015f birli\u011fi ve isti\u015fareleri kesintisiz s\u00fcrd\u00fcrece\u011fini bir kez daha belirtmek istiyor, toplant\u0131m\u0131z\u0131n t\u00fcm kat\u0131l\u0131mc\u0131lar\u0131m\u0131z i\u00e7in verimli ge\u00e7mesini, ortaya konacak g\u00f6r\u00fc\u015f ve \u00f6nerilerin sekt\u00f6re katk\u0131 sa\u011flamas\u0131n\u0131 ve 2025-2026 kuru incir sezonunun ba\u015fta \u00fcreticilerimiz olmak \u00fczere t\u00fcm t\u00fcccara, i\u015fletmelere ve ihracat\u00e7\u0131lar\u0131m\u0131za hay\u0131rl\u0131 olmas\u0131n\u0131 temenni ediyorum&#8221; ifadelerini kulland\u0131.<\/p>\n<p>Ayd\u0131n Tar\u0131m ve Orman \u0130l M\u00fcd\u00fcr\u00fc Ayhan Temiz de incirin Ayd\u0131n i\u00e7in \u00f6nemli ve stratejik \u00f6neme sahip bir \u00fcr\u00fcn oldu\u011funu ve Ayd\u0131n\u2019\u0131n 210 bin tonluk ya\u015f incir \u00fcretimi ile d\u00fcnya incir \u00fcretiminin y\u00fczde 16\u2019s\u0131n\u0131, 375 tonluk \u00fclke \u00fcretiminin ise y\u00fczde 56\u2019s\u0131n\u0131 tek ba\u015f\u0131na kar\u015f\u0131lad\u0131\u011f\u0131n\u0131 belirtti. \u0130l M\u00fcd\u00fcr\u00fc Temiz, &#8220;Sahip oldu\u011fumuz 387 bin dekarl\u0131k incir \u00fcretim alan\u0131n\u0131n ise y\u00fczde 22\u2019sinde organik \u00fcretim yap\u0131lmaktad\u0131r. \u0130ncirimiz Ayd\u0131n inciri olarak \u00f6nce co\u011frafi i\u015faret sonras\u0131nda AB tescili alm\u0131\u015f ve benzersizli\u011fi koruma alt\u0131na al\u0131nm\u0131\u015f bir \u00fcr\u00fcnd\u00fcr. Bir\u00e7ok d\u0131\u015f pazara ula\u015fan incirimiz, \u00fclkemizin tar\u0131msal ihracat\u0131nda \u00f6nemli bir yere sahiptir. Ge\u00e7ti\u011fimiz y\u0131l m\u00fcd\u00fcrl\u00fc\u011f\u00fcm\u00fczce kontroller sonucu ilimizden 45 bin 372 tonluk kuru incir ihracat\u0131na izin verilmi\u015ftir. Ancak her ba\u015far\u0131 kendi i\u00e7erisinde baz\u0131 zorluklar\u0131 beraberinde getirmektedir. \u00d6zellikle iklim de\u011fi\u015fikli\u011fi sonucu ya\u015fanan hastal\u0131k ve zararl\u0131 problemleri, zirai m\u00fccadele, bak\u0131m ve bitki beslemede kar\u015f\u0131la\u015f\u0131lan sorunlar hasat, kurutma ve depolama \u015fart ve tekni\u011fine ba\u011fl\u0131 olarak olu\u015fan kalite kay\u0131plar\u0131 bunlardan baz\u0131lar\u0131d\u0131r. \u00d6zellikle incirde alfatoksin ve okrotoksin sorunu hem i\u00e7 t\u00fcketim hem de ihracat a\u015famas\u0131nda pazarlamam\u0131z\u0131 etkileyen en \u00f6nemli unsurlar olarak kar\u015f\u0131m\u0131za \u00e7\u0131kmaktad\u0131r. M\u00fcd\u00fcrl\u00fck olarak ilimiz incir \u00fcretimi, depolama ve pazarlamas\u0131n\u0131n uygun \u015fartlarda y\u00fcr\u00fct\u00fclebilmesi i\u00e7in denetimler yap\u0131lmakta, ihtiya\u00e7 duyulan konularda \u00e7e\u015fitli \u00e7al\u0131\u015fmalar ger\u00e7ekle\u015ftirilmektedir. \u0130ncir \u00fcretiminde d\u00fcnya lideri olan \u00fclkemizin ve ilimizin konumunu korumak i\u00e7in \u00e7al\u0131\u015fmalar\u0131m\u0131z ve projelerimiz ile bu s\u00fcrecin i\u00e7erisinde yer almaktay\u0131z&#8221; diye konu\u015ftu.<br \/><\/p>\n","protected":false},"excerpt":{"rendered":"<p>D\u00fcnyan\u0131n en kaliteli incirlerinin yeti\u015fti\u011fi Ayd\u0131n\u2019\u0131n ev sahipli\u011finde ger\u00e7ekle\u015ftirilen toplant\u0131da 2024 y\u0131l\u0131 kuru incir ihracat\u0131 de\u011ferlendirilirken, kuru incirin 2025 rotas\u0131 belirlendi. Sekt\u00f6r temsilcilerinin kat\u0131ld\u0131\u011f\u0131 toplant\u0131da sorunlar ve talepler de masaya yat\u0131r\u0131ld\u0131. Ayd\u0131n Ticaret Borsas\u0131 koordinesinde 2024-2025 Sezonu Kuru \u0130ncir Sekt\u00f6r Toplant\u0131s\u0131 ger\u00e7ekle\u015ftirildi. Borsan\u0131n konferans salonunda iki oturum \u015feklinde ger\u00e7ekle\u015ftirilen toplant\u0131da, sekt\u00f6r\u00fcn sorunlar\u0131 masaya yat\u0131r\u0131l\u0131rken \u00fcreticilerin&#8230;<\/p>\n","protected":false},"author":1,"featured_media":47207,"comment_status":"open","ping_status":"open","sticky":false,"template":"","format":"standard","meta":{"_crdt_document":"","footnotes":""},"categories":[1],"tags":[],"class_list":["post-47206","post","type-post","status-publish","format-standard","has-post-thumbnail","hentry","category-guncel"],"_links":{"self":[{"href":"https:\/\/www.egemtv.com\/index.php?rest_route=\/wp\/v2\/posts\/47206","targetHints":{"allow":["GET"]}}],"collection":[{"href":"https:\/\/www.egemtv.com\/index.php?rest_route=\/wp\/v2\/posts"}],"about":[{"href":"https:\/\/www.egemtv.com\/index.php?rest_route=\/wp\/v2\/types\/post"}],"author":[{"embeddable":true,"href":"https:\/\/www.egemtv.com\/index.php?rest_route=\/wp\/v2\/users\/1"}],"replies":[{"embeddable":true,"href":"https:\/\/www.egemtv.com\/index.php?rest_route=%2Fwp%2Fv2%2Fcomments&post=47206"}],"version-history":[{"count":1,"href":"https:\/\/www.egemtv.com\/index.php?rest_route=\/wp\/v2\/posts\/47206\/revisions"}],"predecessor-version":[{"id":47208,"href":"https:\/\/www.egemtv.com\/index.php?rest_route=\/wp\/v2\/posts\/47206\/revisions\/47208"}],"wp:featuredmedia":[{"embeddable":true,"href":"https:\/\/www.egemtv.com\/index.php?rest_route=\/wp\/v2\/media\/47207"}],"wp:attachment":[{"href":"https:\/\/www.egemtv.com\/index.php?rest_route=%2Fwp%2Fv2%2Fmedia&parent=47206"}],"wp:term":[{"taxonomy":"category","embeddable":true,"href":"https:\/\/www.egemtv.com\/index.php?rest_route=%2Fwp%2Fv2%2Fcategories&post=47206"},{"taxonomy":"post_tag","embeddable":true,"href":"https:\/\/www.egemtv.com\/index.php?rest_route=%2Fwp%2Fv2%2Ftags&post=47206"}],"curies":[{"name":"wp","href":"https:\/\/api.w.org\/{rel}","templated":true}]}}