{"id":47203,"date":"2025-08-06T15:56:09","date_gmt":"2025-08-06T12:56:09","guid":{"rendered":"https:\/\/www.egemtv.com\/?p=47203"},"modified":"2025-08-06T15:56:10","modified_gmt":"2025-08-06T12:56:10","slug":"selcuk-alagoz-icin-bodrumda-toren-duzenlendi","status":"publish","type":"post","link":"https:\/\/www.egemtv.com\/?p=47203","title":{"rendered":"Sel\u00e7uk Alag\u00f6z i\u00e7in Bodrum\u2019da t\u00f6ren d\u00fczenlendi"},"content":{"rendered":"<p>T\u00fcrk m\u00fczi\u011finin usta ismi Sel\u00e7uk Alag\u00f6z i\u00e7in Bodrum\u2019da cenaze t\u00f6reni d\u00fczenlendi.<br \/>\n<br \/>\u0130ki g\u00fcn \u00f6nce Bodrum\u2019da fenala\u015farak kald\u0131r\u0131ld\u0131\u011f\u0131 \u00f6zel hastanede, doktorlar\u0131n t\u00fcm \u00e7abas\u0131na ra\u011fmen d\u00fcn hayat\u0131n\u0131 kaybeden Alag\u00f6z\u2019\u00fcn vefat\u0131, sanat camias\u0131n\u0131 ve sevenlerini yasa bo\u011fdu. Alag\u00f6z i\u00e7in Bodrum\u2019un Turgutreis Mahallesi\u2019ndeki Merkez Camii\u2019nde cenaze t\u00f6reni d\u00fczenlendi. \u00d6\u011fle namaz\u0131n\u0131 m\u00fcteakip k\u0131l\u0131nan cenaze namaz\u0131nda ailesi, sanat\u00e7\u0131 dostlar\u0131 ve hayranlar\u0131 g\u00f6zya\u015flar\u0131na bo\u011fuldu. Helallik al\u0131nmas\u0131n\u0131n ard\u0131ndan dualar edildi.<br \/>\n<br \/>M\u00fczi\u011fe yar\u0131m asr\u0131 a\u015fk\u0131n emek veren unutulmaz bestelerin sahibi Alag\u00f6z i\u00e7in \u0130stanbul\u2019da da t\u00f6ren d\u00fczenlenecek. Yar\u0131n saat 13.00\u2019te Atat\u00fcrk K\u00fclt\u00fcr Merkezi\u2019nde ger\u00e7ekle\u015fecek t\u00f6renden sonra sanat\u00e7\u0131 i\u00e7in Zincirlikuyu Camii\u2019nde ikinci bir cenaze namaz\u0131 k\u0131l\u0131nacak. Sel\u00e7uk Alag\u00f6z\u2019\u00fcn cenazesi, Zincirlikuyu\u2019daki aile kabristan\u0131nda topra\u011fa verilecek.<br \/><\/p>\n","protected":false},"excerpt":{"rendered":"<p>T\u00fcrk m\u00fczi\u011finin usta ismi Sel\u00e7uk Alag\u00f6z i\u00e7in Bodrum\u2019da cenaze t\u00f6reni d\u00fczenlendi. \u0130ki g\u00fcn \u00f6nce Bodrum\u2019da fenala\u015farak kald\u0131r\u0131ld\u0131\u011f\u0131 \u00f6zel hastanede, doktorlar\u0131n t\u00fcm \u00e7abas\u0131na ra\u011fmen d\u00fcn hayat\u0131n\u0131 kaybeden Alag\u00f6z\u2019\u00fcn vefat\u0131, sanat camias\u0131n\u0131 ve sevenlerini yasa bo\u011fdu. Alag\u00f6z i\u00e7in Bodrum\u2019un Turgutreis Mahallesi\u2019ndeki Merkez Camii\u2019nde cenaze t\u00f6reni d\u00fczenlendi. \u00d6\u011fle namaz\u0131n\u0131 m\u00fcteakip k\u0131l\u0131nan cenaze namaz\u0131nda ailesi, sanat\u00e7\u0131 dostlar\u0131 ve hayranlar\u0131&#8230;<\/p>\n","protected":false},"author":1,"featured_media":47204,"comment_status":"open","ping_status":"open","sticky":false,"template":"","format":"standard","meta":{"_crdt_document":"","footnotes":""},"categories":[1],"tags":[],"class_list":["post-47203","post","type-post","status-publish","format-standard","has-post-thumbnail","hentry","category-guncel"],"_links":{"self":[{"href":"https:\/\/www.egemtv.com\/index.php?rest_route=\/wp\/v2\/posts\/47203","targetHints":{"allow":["GET"]}}],"collection":[{"href":"https:\/\/www.egemtv.com\/index.php?rest_route=\/wp\/v2\/posts"}],"about":[{"href":"https:\/\/www.egemtv.com\/index.php?rest_route=\/wp\/v2\/types\/post"}],"author":[{"embeddable":true,"href":"https:\/\/www.egemtv.com\/index.php?rest_route=\/wp\/v2\/users\/1"}],"replies":[{"embeddable":true,"href":"https:\/\/www.egemtv.com\/index.php?rest_route=%2Fwp%2Fv2%2Fcomments&post=47203"}],"version-history":[{"count":1,"href":"https:\/\/www.egemtv.com\/index.php?rest_route=\/wp\/v2\/posts\/47203\/revisions"}],"predecessor-version":[{"id":47205,"href":"https:\/\/www.egemtv.com\/index.php?rest_route=\/wp\/v2\/posts\/47203\/revisions\/47205"}],"wp:featuredmedia":[{"embeddable":true,"href":"https:\/\/www.egemtv.com\/index.php?rest_route=\/wp\/v2\/media\/47204"}],"wp:attachment":[{"href":"https:\/\/www.egemtv.com\/index.php?rest_route=%2Fwp%2Fv2%2Fmedia&parent=47203"}],"wp:term":[{"taxonomy":"category","embeddable":true,"href":"https:\/\/www.egemtv.com\/index.php?rest_route=%2Fwp%2Fv2%2Fcategories&post=47203"},{"taxonomy":"post_tag","embeddable":true,"href":"https:\/\/www.egemtv.com\/index.php?rest_route=%2Fwp%2Fv2%2Ftags&post=47203"}],"curies":[{"name":"wp","href":"https:\/\/api.w.org\/{rel}","templated":true}]}}