{"id":47200,"date":"2025-08-06T14:55:37","date_gmt":"2025-08-06T11:55:37","guid":{"rendered":"https:\/\/www.egemtv.com\/?p=47200"},"modified":"2025-08-06T14:55:38","modified_gmt":"2025-08-06T11:55:38","slug":"yunusemre-belediyesi-ferdi-zeyrek-millet-carsisini-buyuksehire-devrediyor","status":"publish","type":"post","link":"https:\/\/www.egemtv.com\/?p=47200","title":{"rendered":"Yunusemre Belediyesi, Ferdi Zeyrek Millet \u00c7ar\u015f\u0131s\u0131\u2019n\u0131 b\u00fcy\u00fck\u015fehire devrediyor"},"content":{"rendered":"<p>Yunusemre Belediyesi A\u011fustos Ay\u0131 Meclis Toplant\u0131s\u0131, Belediye Ba\u015fkan\u0131 Semih Balaban ba\u015fkanl\u0131\u011f\u0131nda yap\u0131ld\u0131. Toplant\u0131da Ferdi Zeyrek Millet \u00c7ar\u015f\u0131s\u0131\u2019n\u0131n Manisa B\u00fcy\u00fck\u015fehir Belediyesi ile takas edilmesi i\u00e7in Ba\u015fkan Balaban\u2019a yetki verilmesi de g\u00f6r\u00fc\u015f\u00fcld\u00fc. Ba\u015fkan Balaban, yap\u0131n\u0131n kamu hizmetine devam edece\u011fini vurgularken, bu ad\u0131m\u0131n belediyenin mali yap\u0131s\u0131n\u0131 g\u00fc\u00e7lendirmek amac\u0131yla at\u0131ld\u0131\u011f\u0131n\u0131 ifade etti.<br \/>\n<br \/>Yunusemre Meclisi, A\u011fustos ay\u0131 toplant\u0131s\u0131n\u0131 Ferdi Zeyrek Millet \u00c7ar\u015f\u0131s\u0131 \u0130smail Hakk\u0131 Tongu\u00e7 Konferans Salonu\u2019nda ger\u00e7ekle\u015ftirdi. Belediye Ba\u015fkan\u0131 Semih Balaban ba\u015fkanl\u0131\u011f\u0131nda yap\u0131lan toplant\u0131da 32 madde karara ba\u011fland\u0131. Mecliste Ferdi Zeyrek Millet \u00c7ar\u015f\u0131s\u0131\u2019n\u0131n Manisa B\u00fcy\u00fck\u015fehir Belediyesi ile takas (trampa) yap\u0131labilmesi i\u00e7in Belediye Ba\u015fkan\u0131 Semih Balaban\u2019a yetki verilmesi g\u00f6r\u00fc\u015f\u00fcld\u00fc.<br \/>\n<br \/>B\u00fcy\u00fck\u015fehirden arsa kar\u015f\u0131l\u0131\u011f\u0131 yap\u0131lacak karara istinaden bilgi veren Ba\u015fkan Balaban konuya ili\u015fkin yapt\u0131\u011f\u0131 a\u00e7\u0131klamada, &#8220;Bu bina belediye hizmet alan\u0131. Tabi ki sat\u0131lamaz. Bu binay\u0131 satm\u0131yoruz. Bir kamu kurumundan di\u011fer bir kamu kurumuna devrini yapaca\u011f\u0131z. Bunlar \u00fclkemizde ola\u011fan i\u015fler. Bu anlamda Besim Ba\u015fkan\u2019a da te\u015fekk\u00fcr ediyorum. Bize \u00e7ok b\u00fcy\u00fck bir pencere a\u00e7t\u0131. Bu konuda s\u00fcre\u00e7 ba\u015flad\u0131. Bina yine kamunun hizmetinde olacak. Belediye olarak burada nikahlar\u0131m\u0131z\u0131, meclis toplant\u0131lar\u0131m\u0131z\u0131 yapaca\u011f\u0131z. Bize yine tahsis edilecek. Buradaki detay, Yunusemre Belediyesi\u2019ni ekonomik anlamda d\u00fcze \u00e7\u0131kartmak i\u00e7in bize yap\u0131lan a\u011fabeyliktir. Tak\u0131m kaptan\u0131m\u0131z b\u00fcy\u00fck\u015fehirdir. Rahmetli Ferdi Ba\u015fkan\u0131m\u0131zdan da b\u00fcy\u00fck destek g\u00f6rm\u00fc\u015ft\u00fck. Besim Ba\u015fkandan da bu destekleri g\u00f6r\u00fcyoruz&#8221; diye konu\u015ftu.<br \/>\n<br \/>Madde, CHP\u2019nin kabul, AK Parti, \u0130Y\u0130 Parti ve MHP\u2019nin red oyuyla oy \u00e7oklu\u011fuyla kabul edildi. Al\u0131nan kararlar\u0131n Manisa ve Yunusemre\u2019ye hay\u0131rl\u0131 olmas\u0131n\u0131 dileyen Belediye Ba\u015fkan\u0131 Balaban, T\u00fcrkiye \u015eampiyonu olan Yunusemre Belediyespor U17 Futbol Tak\u0131m\u0131\u2019n\u0131 kutlad\u0131; her bran\u015fta spor ve sporcunun yan\u0131nda olacaklar\u0131n\u0131 s\u00f6yledi.<br \/>\n<br \/>Eyl\u00fcl Ay\u0131 Meclis Toplant\u0131s\u0131\u2019n\u0131n 2 Eyl\u00fcl Sal\u0131 g\u00fcn\u00fc saat 18.00\u2019de yap\u0131lmas\u0131 kararla\u015ft\u0131r\u0131ld\u0131.<br \/><\/p>\n","protected":false},"excerpt":{"rendered":"<p>Yunusemre Belediyesi A\u011fustos Ay\u0131 Meclis Toplant\u0131s\u0131, Belediye Ba\u015fkan\u0131 Semih Balaban ba\u015fkanl\u0131\u011f\u0131nda yap\u0131ld\u0131. Toplant\u0131da Ferdi Zeyrek Millet \u00c7ar\u015f\u0131s\u0131\u2019n\u0131n Manisa B\u00fcy\u00fck\u015fehir Belediyesi ile takas edilmesi i\u00e7in Ba\u015fkan Balaban\u2019a yetki verilmesi de g\u00f6r\u00fc\u015f\u00fcld\u00fc. Ba\u015fkan Balaban, yap\u0131n\u0131n kamu hizmetine devam edece\u011fini vurgularken, bu ad\u0131m\u0131n belediyenin mali yap\u0131s\u0131n\u0131 g\u00fc\u00e7lendirmek amac\u0131yla at\u0131ld\u0131\u011f\u0131n\u0131 ifade etti. Yunusemre Meclisi, A\u011fustos ay\u0131 toplant\u0131s\u0131n\u0131 Ferdi Zeyrek&#8230;<\/p>\n","protected":false},"author":1,"featured_media":47201,"comment_status":"open","ping_status":"open","sticky":false,"template":"","format":"standard","meta":{"_crdt_document":"","footnotes":""},"categories":[127],"tags":[],"class_list":["post-47200","post","type-post","status-publish","format-standard","has-post-thumbnail","hentry","category-siyaset"],"_links":{"self":[{"href":"https:\/\/www.egemtv.com\/index.php?rest_route=\/wp\/v2\/posts\/47200","targetHints":{"allow":["GET"]}}],"collection":[{"href":"https:\/\/www.egemtv.com\/index.php?rest_route=\/wp\/v2\/posts"}],"about":[{"href":"https:\/\/www.egemtv.com\/index.php?rest_route=\/wp\/v2\/types\/post"}],"author":[{"embeddable":true,"href":"https:\/\/www.egemtv.com\/index.php?rest_route=\/wp\/v2\/users\/1"}],"replies":[{"embeddable":true,"href":"https:\/\/www.egemtv.com\/index.php?rest_route=%2Fwp%2Fv2%2Fcomments&post=47200"}],"version-history":[{"count":1,"href":"https:\/\/www.egemtv.com\/index.php?rest_route=\/wp\/v2\/posts\/47200\/revisions"}],"predecessor-version":[{"id":47202,"href":"https:\/\/www.egemtv.com\/index.php?rest_route=\/wp\/v2\/posts\/47200\/revisions\/47202"}],"wp:featuredmedia":[{"embeddable":true,"href":"https:\/\/www.egemtv.com\/index.php?rest_route=\/wp\/v2\/media\/47201"}],"wp:attachment":[{"href":"https:\/\/www.egemtv.com\/index.php?rest_route=%2Fwp%2Fv2%2Fmedia&parent=47200"}],"wp:term":[{"taxonomy":"category","embeddable":true,"href":"https:\/\/www.egemtv.com\/index.php?rest_route=%2Fwp%2Fv2%2Fcategories&post=47200"},{"taxonomy":"post_tag","embeddable":true,"href":"https:\/\/www.egemtv.com\/index.php?rest_route=%2Fwp%2Fv2%2Ftags&post=47200"}],"curies":[{"name":"wp","href":"https:\/\/api.w.org\/{rel}","templated":true}]}}