{"id":47194,"date":"2025-08-06T14:55:36","date_gmt":"2025-08-06T11:55:36","guid":{"rendered":"https:\/\/www.egemtv.com\/?p=47194"},"modified":"2025-08-06T14:55:36","modified_gmt":"2025-08-06T11:55:36","slug":"bir-mahallenin-daha-tasima-su-cilesi-bitti","status":"publish","type":"post","link":"https:\/\/www.egemtv.com\/?p=47194","title":{"rendered":"Bir mahallenin daha ta\u015f\u0131ma su \u00e7ilesi bitti"},"content":{"rendered":"<p>MASK\u0130 Genel M\u00fcd\u00fcrl\u00fc\u011f\u00fc, Salihli il\u00e7esine ba\u011fl\u0131 Bah\u00e7ecik Mahallesinde i\u00e7me suyu sondaj\u0131n\u0131 yenileyerek, mahalleye yeterli su ula\u015ft\u0131rd\u0131. Sondajda, verimli su elde edilerek, ta\u015f\u0131ma su \u00e7ilesine son verildi.<br \/>\n<br \/>Manisa Su ve Kanalizasyon \u0130daresi (MASK\u0130) Genel M\u00fcd\u00fcrl\u00fc\u011f\u00fc, k\u00fcresel \u0131s\u0131nma ve iklim de\u011fi\u015fikli\u011fine ba\u011fl\u0131 olarak ya\u015fanan susuzluk problemine ra\u011fmen il geneline yeterli, verimli ve kesintisiz i\u00e7me suyu ula\u015ft\u0131rmak i\u00e7in \u00e7al\u0131\u015fmalar\u0131n\u0131 s\u00fcrd\u00fcr\u00fcyor. Bu kapsamda, \u0130\u00e7me Suyu Dairesi Ba\u015fkanl\u0131\u011f\u0131 ekipleri, Salihli il\u00e7esine ba\u011fl\u0131 Bah\u00e7ecik Mahallesi\u2019nde mevcut sondaj\u0131n veriminin d\u00fc\u015fmesi nedeniyle yenileme \u00e7al\u0131\u015fmas\u0131 ger\u00e7ekle\u015ftirdi. Yeni sondajdan saniyede 5 litre verime sahip su elde edildi. Bah\u00e7ecik Mahallesi\u2019ndeki sondaj \u00e7al\u0131\u015fmas\u0131n\u0131 Salihli Belediye Ba\u015fkan\u0131 Mazlum Nurlu, B\u00fcy\u00fck\u015fehir Belediyesi Muhtarl\u0131k \u0130\u015fleri \u015eube M\u00fcd\u00fcr vekili H\u00fcseyin Sungur ve MASK\u0130 \u0130l\u00e7e \u015eefi L\u00fctfi Ers\u00f6z tamamlanan \u00e7al\u0131\u015fmay\u0131 yerinde inceledi, Bah\u00e7ecik Mahalle Muhtar\u0131 Mehmet \u00c7imen ve mahalle sakinleriyle bir araya geldi.<\/p>\n<p>&#8220;Herkes \u00e7ok emek verdi&#8221;<br \/>\n<br \/>Suyun mahalleye kazand\u0131r\u0131lmas\u0131ndan \u00e7ok mutlu oldu\u011funu belirten Bah\u00e7ecik Mahalle Muhtar\u0131 Mehmet \u00c7imen, &#8220;Eme\u011fi ge\u00e7en herkese \u00e7ok te\u015fekk\u00fcr ederiz. \u00c7ok b\u00fcy\u00fck su sorunumuz vard\u0131. \u00c7ok sa\u011f olsunlar. Herkes \u00e7ok emek verdi. Ellerinden ne geliyorsa yapt\u0131lar. Mahallemiz geni\u015f, susuzluk \u00e7oktu. Millet 10 g\u00fcn, 20 g\u00fcn su kullanamad\u0131.&#8221; dedi.<\/p>\n<p>&#8220;Art\u0131k bidonlar\u0131 kenara koyduk&#8221;<br \/>\n<br \/>Muhtar Azas\u0131 Refik Kar, eskiden bidonlarla su ihtiya\u00e7lar\u0131n\u0131 kar\u015f\u0131lamak zorunda kald\u0131klar\u0131n\u0131 belirterek, &#8220;Daha \u00f6nce suyumuz yoktu. \u00c7ok b\u00fcy\u00fck s\u0131k\u0131nt\u0131lar ya\u015f\u0131yorduk. Ta\u015f\u0131ma suyuyla idare ediyorduk. \u015eimdi rahata kavu\u015ftuk. \u0130\u00e7me ve kullanma suyumuzu p\u0131narlardan bidonlarla getiriyorduk. Art\u0131k bidonlar\u0131 kenara koyduk. \u015eimdi rahata kavu\u015ftuk. B\u00fcy\u00fck\u015fehir Belediye Ba\u015fkan\u0131m\u0131z Besim Dutlulu\u2019ya \u00e7ok te\u015fekk\u00fcr ederiz. Eme\u011fi ge\u00e7en herkesten Allah raz\u0131 olsun&#8221; dedi.<br \/>\n<br \/>Mahir \u00c7imen isimli vatanda\u015f, ta\u015f\u0131ma sularla idare etmeye \u00e7al\u0131\u015f\u0131rken yap\u0131lan \u00e7al\u0131\u015fmayla rahatlad\u0131klar\u0131n\u0131 belirterek, &#8220;Susuzluk \u00e7ekiyorduk. Susuz ya\u015fanm\u0131yor. \u015eimdi bollu\u011fa kavu\u015ftuk.&#8221; diyerek te\u015fekk\u00fcr etti.<br \/>\n<br \/>MASK\u0130 \u0130l\u00e7e \u015eefi L\u00fctfi Ers\u00f6z de \u015funlar\u0131 s\u00f6yledi: &#8220;\u0130klim de\u011fi\u015fikliklerinden kaynakl\u0131 mahallemizi besleyen kaynaklar\u0131n yetersiz gelmesi sonucu yeni sondaj a\u00e7\u0131larak mahallemizin su anlam\u0131nda zenginle\u015ftirdik. 150 metre derinlikte saniyede 5 litre verime sahip su elde edildi. Mahallemize hay\u0131rl\u0131 olsun.&#8221;<br \/><\/p>\n","protected":false},"excerpt":{"rendered":"<p>MASK\u0130 Genel M\u00fcd\u00fcrl\u00fc\u011f\u00fc, Salihli il\u00e7esine ba\u011fl\u0131 Bah\u00e7ecik Mahallesinde i\u00e7me suyu sondaj\u0131n\u0131 yenileyerek, mahalleye yeterli su ula\u015ft\u0131rd\u0131. Sondajda, verimli su elde edilerek, ta\u015f\u0131ma su \u00e7ilesine son verildi. Manisa Su ve Kanalizasyon \u0130daresi (MASK\u0130) Genel M\u00fcd\u00fcrl\u00fc\u011f\u00fc, k\u00fcresel \u0131s\u0131nma ve iklim de\u011fi\u015fikli\u011fine ba\u011fl\u0131 olarak ya\u015fanan susuzluk problemine ra\u011fmen il geneline yeterli, verimli ve kesintisiz i\u00e7me suyu ula\u015ft\u0131rmak i\u00e7in&#8230;<\/p>\n","protected":false},"author":1,"featured_media":47195,"comment_status":"open","ping_status":"open","sticky":false,"template":"","format":"standard","meta":{"_crdt_document":"","footnotes":""},"categories":[125],"tags":[],"class_list":["post-47194","post","type-post","status-publish","format-standard","has-post-thumbnail","hentry","category-ekonomi"],"_links":{"self":[{"href":"https:\/\/www.egemtv.com\/index.php?rest_route=\/wp\/v2\/posts\/47194","targetHints":{"allow":["GET"]}}],"collection":[{"href":"https:\/\/www.egemtv.com\/index.php?rest_route=\/wp\/v2\/posts"}],"about":[{"href":"https:\/\/www.egemtv.com\/index.php?rest_route=\/wp\/v2\/types\/post"}],"author":[{"embeddable":true,"href":"https:\/\/www.egemtv.com\/index.php?rest_route=\/wp\/v2\/users\/1"}],"replies":[{"embeddable":true,"href":"https:\/\/www.egemtv.com\/index.php?rest_route=%2Fwp%2Fv2%2Fcomments&post=47194"}],"version-history":[{"count":1,"href":"https:\/\/www.egemtv.com\/index.php?rest_route=\/wp\/v2\/posts\/47194\/revisions"}],"predecessor-version":[{"id":47196,"href":"https:\/\/www.egemtv.com\/index.php?rest_route=\/wp\/v2\/posts\/47194\/revisions\/47196"}],"wp:featuredmedia":[{"embeddable":true,"href":"https:\/\/www.egemtv.com\/index.php?rest_route=\/wp\/v2\/media\/47195"}],"wp:attachment":[{"href":"https:\/\/www.egemtv.com\/index.php?rest_route=%2Fwp%2Fv2%2Fmedia&parent=47194"}],"wp:term":[{"taxonomy":"category","embeddable":true,"href":"https:\/\/www.egemtv.com\/index.php?rest_route=%2Fwp%2Fv2%2Fcategories&post=47194"},{"taxonomy":"post_tag","embeddable":true,"href":"https:\/\/www.egemtv.com\/index.php?rest_route=%2Fwp%2Fv2%2Ftags&post=47194"}],"curies":[{"name":"wp","href":"https:\/\/api.w.org\/{rel}","templated":true}]}}