{"id":47191,"date":"2025-08-06T14:34:56","date_gmt":"2025-08-06T11:34:56","guid":{"rendered":"https:\/\/www.egemtv.com\/?p=47191"},"modified":"2025-08-06T14:34:57","modified_gmt":"2025-08-06T11:34:57","slug":"feto-firarisi-yakalandi","status":"publish","type":"post","link":"https:\/\/www.egemtv.com\/?p=47191","title":{"rendered":"FET\u00d6 firarisi yakaland\u0131"},"content":{"rendered":"<p>Afyonkarahisar\u2019da FET\u00d6 ter\u00f6r \u00f6rg\u00fct\u00fcne \u00fcye olmak su\u00e7undan hakk\u0131nda kesinle\u015fmi\u015f 6 y\u0131l 3 ay hapis cezas\u0131 bulunan \u015f\u00fcpheli yakaland\u0131.<br \/>\n<br \/>Al\u0131nan bilgiye g\u00f6re, Emniyet M\u00fcd\u00fcrl\u00fc\u011f\u00fc taraf\u0131ndan yap\u0131lan \u00e7al\u0131\u015fmalarda FET\u00d6\/PDY Silahl\u0131 Ter\u00f6r \u00d6rg\u00fct\u00fcne \u00dcye Olmak su\u00e7undan i\u015flem yap\u0131lan, s\u00f6zde finans yap\u0131lanmas\u0131 i\u00e7erisinde m\u00fctevelli heyetinde yer alan ve 2022 y\u0131l\u0131ndan bu yana firari olan ve 6 y\u0131l 3 ay kesinle\u015fmi\u015f h\u00fckm\u00fc bulunan M.D. yakaland\u0131. G\u00f6zalt\u0131na al\u0131nan \u015f\u00fcpheli i\u015flemlerinin ard\u0131ndan cezaevine teslim edildi.<br \/><\/p>\n","protected":false},"excerpt":{"rendered":"<p>Afyonkarahisar\u2019da FET\u00d6 ter\u00f6r \u00f6rg\u00fct\u00fcne \u00fcye olmak su\u00e7undan hakk\u0131nda kesinle\u015fmi\u015f 6 y\u0131l 3 ay hapis cezas\u0131 bulunan \u015f\u00fcpheli yakaland\u0131. Al\u0131nan bilgiye g\u00f6re, Emniyet M\u00fcd\u00fcrl\u00fc\u011f\u00fc taraf\u0131ndan yap\u0131lan \u00e7al\u0131\u015fmalarda FET\u00d6\/PDY Silahl\u0131 Ter\u00f6r \u00d6rg\u00fct\u00fcne \u00dcye Olmak su\u00e7undan i\u015flem yap\u0131lan, s\u00f6zde finans yap\u0131lanmas\u0131 i\u00e7erisinde m\u00fctevelli heyetinde yer alan ve 2022 y\u0131l\u0131ndan bu yana firari olan ve 6 y\u0131l 3 ay&#8230;<\/p>\n","protected":false},"author":1,"featured_media":47192,"comment_status":"open","ping_status":"open","sticky":false,"template":"","format":"standard","meta":{"_crdt_document":"","footnotes":""},"categories":[5],"tags":[],"class_list":["post-47191","post","type-post","status-publish","format-standard","has-post-thumbnail","hentry","category-asayis"],"_links":{"self":[{"href":"https:\/\/www.egemtv.com\/index.php?rest_route=\/wp\/v2\/posts\/47191","targetHints":{"allow":["GET"]}}],"collection":[{"href":"https:\/\/www.egemtv.com\/index.php?rest_route=\/wp\/v2\/posts"}],"about":[{"href":"https:\/\/www.egemtv.com\/index.php?rest_route=\/wp\/v2\/types\/post"}],"author":[{"embeddable":true,"href":"https:\/\/www.egemtv.com\/index.php?rest_route=\/wp\/v2\/users\/1"}],"replies":[{"embeddable":true,"href":"https:\/\/www.egemtv.com\/index.php?rest_route=%2Fwp%2Fv2%2Fcomments&post=47191"}],"version-history":[{"count":1,"href":"https:\/\/www.egemtv.com\/index.php?rest_route=\/wp\/v2\/posts\/47191\/revisions"}],"predecessor-version":[{"id":47193,"href":"https:\/\/www.egemtv.com\/index.php?rest_route=\/wp\/v2\/posts\/47191\/revisions\/47193"}],"wp:featuredmedia":[{"embeddable":true,"href":"https:\/\/www.egemtv.com\/index.php?rest_route=\/wp\/v2\/media\/47192"}],"wp:attachment":[{"href":"https:\/\/www.egemtv.com\/index.php?rest_route=%2Fwp%2Fv2%2Fmedia&parent=47191"}],"wp:term":[{"taxonomy":"category","embeddable":true,"href":"https:\/\/www.egemtv.com\/index.php?rest_route=%2Fwp%2Fv2%2Fcategories&post=47191"},{"taxonomy":"post_tag","embeddable":true,"href":"https:\/\/www.egemtv.com\/index.php?rest_route=%2Fwp%2Fv2%2Ftags&post=47191"}],"curies":[{"name":"wp","href":"https:\/\/api.w.org\/{rel}","templated":true}]}}