{"id":47188,"date":"2025-08-06T14:15:05","date_gmt":"2025-08-06T11:15:05","guid":{"rendered":"https:\/\/www.egemtv.com\/?p=47188"},"modified":"2025-08-06T14:15:07","modified_gmt":"2025-08-06T11:15:07","slug":"soke-belediyesinden-haserelere-karsi-nokta-atisi-mucadele","status":"publish","type":"post","link":"https:\/\/www.egemtv.com\/?p=47188","title":{"rendered":"S\u00f6ke Belediyesi\u2019nden ha\u015ferelere kar\u015f\u0131 &#8220;Nokta At\u0131\u015f\u0131&#8221; m\u00fccadele"},"content":{"rendered":"<p>S\u00f6ke Belediyesi, halk sa\u011fl\u0131\u011f\u0131n\u0131 korumaya y\u00f6nelik ila\u00e7lama \u00e7al\u0131\u015fmalar\u0131n\u0131 il\u00e7e genelinde aral\u0131ks\u0131z s\u00fcrd\u00fcr\u00fcyor. \u00d6zellikle yaz aylar\u0131nda art\u0131\u015f g\u00f6steren sivrisinek, kene ve pire gibi ha\u015ferelere kar\u015f\u0131 etkili bir m\u00fccadele y\u00fcr\u00fcten S\u00f6ke Belediyesi \u0130la\u00e7lama Ekibi, mahalle mahalle uygulama yap\u0131yor. Bu kapsamda Sazl\u0131 Mahallesi\u2019nde de kapsaml\u0131 bir uygulama ger\u00e7ekle\u015ftirdi.<\/p>\n<p>\u0130l\u00e7e merkezi ba\u015fta olmak \u00fczere \u00e7evre mahallelerde de titizlikle y\u00fcr\u00fct\u00fclen ila\u00e7lama \u00e7al\u0131\u015fmalar\u0131nda evlerin bah\u00e7elerinden r\u00f6gar kapaklar\u0131na, fosseptik alanlardan a\u00e7\u0131k su birikintilerine kadar bir\u00e7ok noktada ila\u00e7lama yap\u0131ld\u0131. Fosepti\u011fi bulunan hanelere \u00f6zel m\u00fccadele ila\u00e7lar\u0131 da b\u0131rak\u0131larak, vatanda\u015flar\u0131n bu s\u00fcrece aktif olarak kat\u0131lmas\u0131 sa\u011fland\u0131.<\/p>\n<p>S\u00f6ke Belediyesi Veterinerlik \u0130\u015fleri M\u00fcd\u00fcrl\u00fc\u011f\u00fc\u2019nden yap\u0131lan a\u00e7\u0131klamada, ha\u015fereyle m\u00fccadelenin ancak vatanda\u015flar\u0131n duyarl\u0131l\u0131\u011f\u0131 ile etkili olabilece\u011fine dikkat \u00e7ekildi. A\u00e7\u0131klamada, &#8220;Sinek ve ha\u015fere \u00fcreme noktalar\u0131n\u0131 birlikte yok edebiliriz. Eski lastikler, bah\u00e7ede b\u0131rak\u0131lan at\u0131l ara\u00e7 ve makineler, saks\u0131 altlar\u0131 gibi bir\u00e7ok yer potansiyel \u00fcreme alan\u0131 olu\u015fturabiliyor. Bu konuda vatanda\u015flar\u0131m\u0131z\u0131n g\u00f6sterece\u011fi hassasiyet b\u00fcy\u00fck \u00f6nem ta\u015f\u0131yor&#8221; denildi.<\/p>\n<p>S\u00f6ke Belediyesi, ila\u00e7lama \u00e7al\u0131\u015fmalar\u0131n\u0131 planl\u0131 bir \u015fekilde s\u00fcrd\u00fcrerek, hem merkezde hem de \u00e7evre mahallelerde halk sa\u011fl\u0131\u011f\u0131n\u0131 tehdit eden unsurlar\u0131 en aza indirmeyi hedefliyor.<br \/><\/p>\n","protected":false},"excerpt":{"rendered":"<p>S\u00f6ke Belediyesi, halk sa\u011fl\u0131\u011f\u0131n\u0131 korumaya y\u00f6nelik ila\u00e7lama \u00e7al\u0131\u015fmalar\u0131n\u0131 il\u00e7e genelinde aral\u0131ks\u0131z s\u00fcrd\u00fcr\u00fcyor. \u00d6zellikle yaz aylar\u0131nda art\u0131\u015f g\u00f6steren sivrisinek, kene ve pire gibi ha\u015ferelere kar\u015f\u0131 etkili bir m\u00fccadele y\u00fcr\u00fcten S\u00f6ke Belediyesi \u0130la\u00e7lama Ekibi, mahalle mahalle uygulama yap\u0131yor. Bu kapsamda Sazl\u0131 Mahallesi\u2019nde de kapsaml\u0131 bir uygulama ger\u00e7ekle\u015ftirdi. \u0130l\u00e7e merkezi ba\u015fta olmak \u00fczere \u00e7evre mahallelerde de titizlikle y\u00fcr\u00fct\u00fclen&#8230;<\/p>\n","protected":false},"author":1,"featured_media":47189,"comment_status":"open","ping_status":"open","sticky":false,"template":"","format":"standard","meta":{"_crdt_document":"","footnotes":""},"categories":[2],"tags":[],"class_list":["post-47188","post","type-post","status-publish","format-standard","has-post-thumbnail","hentry","category-saglik"],"_links":{"self":[{"href":"https:\/\/www.egemtv.com\/index.php?rest_route=\/wp\/v2\/posts\/47188","targetHints":{"allow":["GET"]}}],"collection":[{"href":"https:\/\/www.egemtv.com\/index.php?rest_route=\/wp\/v2\/posts"}],"about":[{"href":"https:\/\/www.egemtv.com\/index.php?rest_route=\/wp\/v2\/types\/post"}],"author":[{"embeddable":true,"href":"https:\/\/www.egemtv.com\/index.php?rest_route=\/wp\/v2\/users\/1"}],"replies":[{"embeddable":true,"href":"https:\/\/www.egemtv.com\/index.php?rest_route=%2Fwp%2Fv2%2Fcomments&post=47188"}],"version-history":[{"count":1,"href":"https:\/\/www.egemtv.com\/index.php?rest_route=\/wp\/v2\/posts\/47188\/revisions"}],"predecessor-version":[{"id":47190,"href":"https:\/\/www.egemtv.com\/index.php?rest_route=\/wp\/v2\/posts\/47188\/revisions\/47190"}],"wp:featuredmedia":[{"embeddable":true,"href":"https:\/\/www.egemtv.com\/index.php?rest_route=\/wp\/v2\/media\/47189"}],"wp:attachment":[{"href":"https:\/\/www.egemtv.com\/index.php?rest_route=%2Fwp%2Fv2%2Fmedia&parent=47188"}],"wp:term":[{"taxonomy":"category","embeddable":true,"href":"https:\/\/www.egemtv.com\/index.php?rest_route=%2Fwp%2Fv2%2Fcategories&post=47188"},{"taxonomy":"post_tag","embeddable":true,"href":"https:\/\/www.egemtv.com\/index.php?rest_route=%2Fwp%2Fv2%2Ftags&post=47188"}],"curies":[{"name":"wp","href":"https:\/\/api.w.org\/{rel}","templated":true}]}}