{"id":47185,"date":"2025-08-06T14:15:04","date_gmt":"2025-08-06T11:15:04","guid":{"rendered":"https:\/\/www.egemtv.com\/?p=47185"},"modified":"2025-08-06T14:15:05","modified_gmt":"2025-08-06T11:15:05","slug":"mimsad-insaatcilar-carsisi-projesini-baskan-dutlulu-ile-paylasti","status":"publish","type":"post","link":"https:\/\/www.egemtv.com\/?p=47185","title":{"rendered":"M\u0130MSAD \u2019\u0130n\u015faat\u00e7\u0131lar \u00c7ar\u015f\u0131s\u0131\u2019 projesini Ba\u015fkan Dutlulu ile payla\u015ft\u0131"},"content":{"rendered":"<p>Manisa \u0130n\u015faat Malzemeleri \u00dcreten ve Satanlar Derne\u011fi Ba\u015fkan\u0131 \u00c7etin G\u00fcng\u00f6r ve y\u00f6netimi, B\u00fcy\u00fck\u015fehir Belediye Ba\u015fkan\u0131 Besim Dutlulu\u2019yu ziyaret ederek Manisa \u0130n\u015faat\u00e7\u0131lar \u00c7ar\u015f\u0131s\u0131 Projesiyle ilgili bilgi verdi.<br \/>\n<br \/>Ba\u015fkanl\u0131k makam\u0131ndaki ziyarette, Dernek Ba\u015fkan\u0131 \u00c7etin G\u00fcng\u00f6r, Y\u00f6netim Kurulu \u00dcyeleri Oya Ulup\u0131nar ve Engin Altun yer ald\u0131. Ba\u015fkan\u0131 \u00c7etin G\u00fcng\u00f6r, Ba\u015fkan Dutlulu\u2019ya g\u00f6revinde ba\u015far\u0131lar dilerken, dernek faaliyetleri ile ilgili bilgiler verdi. G\u00fcng\u00f6r, &#8220;Derne\u011fimiz g\u00fcnden g\u00fcne b\u00fcy\u00fcyor. Y\u0131l sonuna kadar kooperatifle\u015fme \u00e7al\u0131\u015fmalar\u0131n\u0131 tamamlayaca\u011f\u0131z. Manisa i\u00e7in bir hayalimiz var. Kentin ekonomisine katk\u0131 sa\u011flamak, \u015fehir i\u00e7i trafi\u011fi rahatlatmak ve sosyal alanlar\u0131 ile \u00f6ne \u00e7\u0131kacak olan Manisa \u0130n\u015faat\u00e7\u0131lar \u00c7ar\u015f\u0131s\u0131 projemizi hayata ge\u00e7irmek istiyoruz. En az 100\/ 120 showroomdan olu\u015fan, \u00fcretime izin verilmeyen, sosyal alanlar\u0131 olan ve yol ba\u011flant\u0131lar\u0131 ile \u00f6ne \u00e7\u0131kan Manisa \u0130n\u015faat\u00e7\u0131lar \u00c7ar\u015f\u0131s\u0131 projemiz Manisal\u0131lar\u0131 \u0130zmir\u2019e gitmekten kurtaracak. Bu proje ile kent ekonomimiz canlanacak ve \u00e7ar\u015f\u0131ya gelen Manisal\u0131lar her t\u00fcrl\u00fc ihtiya\u00e7lar\u0131n\u0131 burada giderebilecekler. Meslekte birli\u011fi sa\u011flamak ad\u0131na kurdu\u011fumuz Manisa \u0130n\u015faat Malzemeleri \u00dcreten ve Satanlar Derne\u011fi kooperatifle\u015fme a\u015famas\u0131 ile bu projeyi hayata ge\u00e7irmek ve Manisa\u2019ya kazand\u0131rmak istiyor. Bunun i\u00e7in \u00e7al\u0131\u015fmalar\u0131m\u0131z\u0131 s\u00fcrd\u00fcr\u00fcyoruz&#8221; diye konu\u015ftu.<br \/>\n<br \/>Manisa B\u00fcy\u00fck\u015fehir Belediye Ba\u015fkan\u0131 Besim Dutlulu ise ger\u00e7ekle\u015ftirilen ziyaretten duydu\u011fu memnuniyeti dile getirerek, \u015fehrin gelece\u011fine katk\u0131 sa\u011flayacak projelerin her a\u015famas\u0131n\u0131 dikkatle de\u011ferlendireceklerini, b\u00f6ylece Manisa\u2019n\u0131n daha ya\u015fanabilir ve modern bir \u015fehir haline gelmesi i\u00e7in ortak ak\u0131l ve i\u015fbirli\u011fi i\u00e7erisinde t\u00fcm sivil toplum kurulu\u015flar\u0131 ile birlikte \u00e7al\u0131\u015facaklar\u0131n\u0131 ifade etti.<br \/><\/p>\n","protected":false},"excerpt":{"rendered":"<p>Manisa \u0130n\u015faat Malzemeleri \u00dcreten ve Satanlar Derne\u011fi Ba\u015fkan\u0131 \u00c7etin G\u00fcng\u00f6r ve y\u00f6netimi, B\u00fcy\u00fck\u015fehir Belediye Ba\u015fkan\u0131 Besim Dutlulu\u2019yu ziyaret ederek Manisa \u0130n\u015faat\u00e7\u0131lar \u00c7ar\u015f\u0131s\u0131 Projesiyle ilgili bilgi verdi. Ba\u015fkanl\u0131k makam\u0131ndaki ziyarette, Dernek Ba\u015fkan\u0131 \u00c7etin G\u00fcng\u00f6r, Y\u00f6netim Kurulu \u00dcyeleri Oya Ulup\u0131nar ve Engin Altun yer ald\u0131. Ba\u015fkan\u0131 \u00c7etin G\u00fcng\u00f6r, Ba\u015fkan Dutlulu\u2019ya g\u00f6revinde ba\u015far\u0131lar dilerken, dernek faaliyetleri ile ilgili&#8230;<\/p>\n","protected":false},"author":1,"featured_media":47186,"comment_status":"open","ping_status":"open","sticky":false,"template":"","format":"standard","meta":{"_crdt_document":"","footnotes":""},"categories":[125],"tags":[],"class_list":["post-47185","post","type-post","status-publish","format-standard","has-post-thumbnail","hentry","category-ekonomi"],"_links":{"self":[{"href":"https:\/\/www.egemtv.com\/index.php?rest_route=\/wp\/v2\/posts\/47185","targetHints":{"allow":["GET"]}}],"collection":[{"href":"https:\/\/www.egemtv.com\/index.php?rest_route=\/wp\/v2\/posts"}],"about":[{"href":"https:\/\/www.egemtv.com\/index.php?rest_route=\/wp\/v2\/types\/post"}],"author":[{"embeddable":true,"href":"https:\/\/www.egemtv.com\/index.php?rest_route=\/wp\/v2\/users\/1"}],"replies":[{"embeddable":true,"href":"https:\/\/www.egemtv.com\/index.php?rest_route=%2Fwp%2Fv2%2Fcomments&post=47185"}],"version-history":[{"count":1,"href":"https:\/\/www.egemtv.com\/index.php?rest_route=\/wp\/v2\/posts\/47185\/revisions"}],"predecessor-version":[{"id":47187,"href":"https:\/\/www.egemtv.com\/index.php?rest_route=\/wp\/v2\/posts\/47185\/revisions\/47187"}],"wp:featuredmedia":[{"embeddable":true,"href":"https:\/\/www.egemtv.com\/index.php?rest_route=\/wp\/v2\/media\/47186"}],"wp:attachment":[{"href":"https:\/\/www.egemtv.com\/index.php?rest_route=%2Fwp%2Fv2%2Fmedia&parent=47185"}],"wp:term":[{"taxonomy":"category","embeddable":true,"href":"https:\/\/www.egemtv.com\/index.php?rest_route=%2Fwp%2Fv2%2Fcategories&post=47185"},{"taxonomy":"post_tag","embeddable":true,"href":"https:\/\/www.egemtv.com\/index.php?rest_route=%2Fwp%2Fv2%2Ftags&post=47185"}],"curies":[{"name":"wp","href":"https:\/\/api.w.org\/{rel}","templated":true}]}}