{"id":47182,"date":"2025-08-06T14:15:03","date_gmt":"2025-08-06T11:15:03","guid":{"rendered":"https:\/\/www.egemtv.com\/?p=47182"},"modified":"2025-08-06T14:15:04","modified_gmt":"2025-08-06T11:15:04","slug":"aydinda-daglari-atese-veren-ofkeli-gelin-serbest-birakildi","status":"publish","type":"post","link":"https:\/\/www.egemtv.com\/?p=47182","title":{"rendered":"Ayd\u0131n\u2019da da\u011flar\u0131 ate\u015fe veren \u00f6fkeli gelin serbest b\u0131rak\u0131ld\u0131"},"content":{"rendered":"<p>Ayd\u0131n\u2019\u0131n Efeler il\u00e7esinde arazi anla\u015fmazl\u0131\u011f\u0131 sebebiyle incir a\u011fa\u00e7lar\u0131n\u0131n bulundu\u011fu kay\u0131npederine ait tarlay\u0131 ate\u015fe vererek zirai alan yang\u0131n\u0131na sebep oldu\u011fu tespit edilen Y.E. isimli \u00f6fkeli gelin, sevk edildi\u011fi mahkeme taraf\u0131ndan yurtd\u0131\u015f\u0131 \u00e7\u0131k\u0131\u015f yasa\u011f\u0131 ile serbest b\u0131rak\u0131ld\u0131.<\/p>\n<p>Yang\u0131n, d\u00fcn Konuklu ve Kalfak\u00f6y Mahalleleri aras\u0131nda bulunan tar\u0131m arazisinde saat 12.00 s\u0131ralar\u0131nda meydana geldi. Edinilen bilgiye g\u00f6re incir a\u011fa\u00e7lar\u0131n\u0131n bulundu\u011fu arazideki kuru otlar\u0131n tutu\u015fmas\u0131 sonucu yang\u0131n \u00e7\u0131kt\u0131. Dumanlar\u0131 fark eden vatanda\u015flar durumu 112 Acil \u00c7a\u011fr\u0131 Merkezi\u2019ne bildirdi. K\u0131sa s\u00fcrede b\u00f6lgeye orman ve itfaiye ekipleri sevk edildi. Yang\u0131na, 4 helikopter, 4 yang\u0131n s\u00f6nd\u00fcrme u\u00e7a\u011f\u0131 ile havadan, 5 araz\u00f6z, 5 itfaiye arac\u0131, 9 jandarma arac\u0131 ve 37 personel ile karadan m\u00fcdahale edildi. Alevler ormanl\u0131k alana s\u0131\u00e7ramadan k\u0131sa s\u00fcrede s\u00f6nd\u00fcr\u00fclerek kontrol alt\u0131na al\u0131nd\u0131. Yang\u0131nda 2 ba\u011f evi ve incir a\u011fa\u00e7lar\u0131 ile 3 hektarl\u0131k alan zarar g\u00f6rd\u00fc. So\u011futma \u00e7al\u0131\u015fmalar\u0131n\u0131n tamamlanmas\u0131n\u0131n ard\u0131ndan yang\u0131n\u0131n \u00e7\u0131k\u0131\u015f nedeni ile ilgili inceleme ba\u015flat\u0131ld\u0131.<\/p>\n<p>Kay\u0131npederine k\u0131z\u0131p ate\u015fe vermi\u015f<br \/>\n<br \/>Efeler \u0130l\u00e7e Jandarma Komutanl\u0131\u011f\u0131nca yap\u0131lan ara\u015ft\u0131rma ve inceleme sonucunda yang\u0131n\u0131 Konuklu Mahallesi\u2019nde ikamet eden ve kay\u0131npederi ile arazi husumeti bulunan Y.E. isimli kad\u0131n \u015fahs\u0131n \u00e7\u0131kartt\u0131\u011f\u0131 tespit edildi. Yakalanarak g\u00f6zalt\u0131na al\u0131nan \u00f6fkeli gelin Y.E., gerekli i\u015flemlerinin ard\u0131ndan Ayd\u0131n Adliyesi\u2019ne sevk edildi. Da\u011f\u0131 ate\u015fe veren \u00f6fkeli gelin sevk edildi\u011fi mahkeme taraf\u0131ndan yurtd\u0131\u015f\u0131 \u00e7\u0131k\u0131\u015f yasa\u011f\u0131 ile serbest b\u0131rak\u0131ld\u0131.<br \/><\/p>\n","protected":false},"excerpt":{"rendered":"<p>Ayd\u0131n\u2019\u0131n Efeler il\u00e7esinde arazi anla\u015fmazl\u0131\u011f\u0131 sebebiyle incir a\u011fa\u00e7lar\u0131n\u0131n bulundu\u011fu kay\u0131npederine ait tarlay\u0131 ate\u015fe vererek zirai alan yang\u0131n\u0131na sebep oldu\u011fu tespit edilen Y.E. isimli \u00f6fkeli gelin, sevk edildi\u011fi mahkeme taraf\u0131ndan yurtd\u0131\u015f\u0131 \u00e7\u0131k\u0131\u015f yasa\u011f\u0131 ile serbest b\u0131rak\u0131ld\u0131. Yang\u0131n, d\u00fcn Konuklu ve Kalfak\u00f6y Mahalleleri aras\u0131nda bulunan tar\u0131m arazisinde saat 12.00 s\u0131ralar\u0131nda meydana geldi. Edinilen bilgiye g\u00f6re incir a\u011fa\u00e7lar\u0131n\u0131n&#8230;<\/p>\n","protected":false},"author":1,"featured_media":47183,"comment_status":"open","ping_status":"open","sticky":false,"template":"","format":"standard","meta":{"_crdt_document":"","footnotes":""},"categories":[5],"tags":[],"class_list":["post-47182","post","type-post","status-publish","format-standard","has-post-thumbnail","hentry","category-asayis"],"_links":{"self":[{"href":"https:\/\/www.egemtv.com\/index.php?rest_route=\/wp\/v2\/posts\/47182","targetHints":{"allow":["GET"]}}],"collection":[{"href":"https:\/\/www.egemtv.com\/index.php?rest_route=\/wp\/v2\/posts"}],"about":[{"href":"https:\/\/www.egemtv.com\/index.php?rest_route=\/wp\/v2\/types\/post"}],"author":[{"embeddable":true,"href":"https:\/\/www.egemtv.com\/index.php?rest_route=\/wp\/v2\/users\/1"}],"replies":[{"embeddable":true,"href":"https:\/\/www.egemtv.com\/index.php?rest_route=%2Fwp%2Fv2%2Fcomments&post=47182"}],"version-history":[{"count":1,"href":"https:\/\/www.egemtv.com\/index.php?rest_route=\/wp\/v2\/posts\/47182\/revisions"}],"predecessor-version":[{"id":47184,"href":"https:\/\/www.egemtv.com\/index.php?rest_route=\/wp\/v2\/posts\/47182\/revisions\/47184"}],"wp:featuredmedia":[{"embeddable":true,"href":"https:\/\/www.egemtv.com\/index.php?rest_route=\/wp\/v2\/media\/47183"}],"wp:attachment":[{"href":"https:\/\/www.egemtv.com\/index.php?rest_route=%2Fwp%2Fv2%2Fmedia&parent=47182"}],"wp:term":[{"taxonomy":"category","embeddable":true,"href":"https:\/\/www.egemtv.com\/index.php?rest_route=%2Fwp%2Fv2%2Fcategories&post=47182"},{"taxonomy":"post_tag","embeddable":true,"href":"https:\/\/www.egemtv.com\/index.php?rest_route=%2Fwp%2Fv2%2Ftags&post=47182"}],"curies":[{"name":"wp","href":"https:\/\/api.w.org\/{rel}","templated":true}]}}