{"id":47179,"date":"2025-08-06T14:15:02","date_gmt":"2025-08-06T11:15:02","guid":{"rendered":"https:\/\/www.egemtv.com\/?p=47179"},"modified":"2025-08-06T14:15:03","modified_gmt":"2025-08-06T11:15:03","slug":"bodrumda-yeni-itfaiye-hizmet-binasi-torenle-acildi","status":"publish","type":"post","link":"https:\/\/www.egemtv.com\/?p=47179","title":{"rendered":"Bodrum\u2019da yeni itfaiye hizmet binas\u0131 t\u00f6renle a\u00e7\u0131ld\u0131"},"content":{"rendered":"<p>Mu\u011fla B\u00fcy\u00fck\u015fehir Belediyesi, Bodrum\u2019un Ortakent Mahallesi\u2019nde in\u015fa etti\u011fi modern itfaiye hizmet binas\u0131n\u0131 d\u00fczenlenen t\u00f6renle hizmete a\u00e7t\u0131.<\/p>\n<p>Mu\u011fla B\u00fcy\u00fck\u015fehir Belediyesi, afetlere kar\u015f\u0131 diren\u00e7li kent hedefi do\u011frultusunda yat\u0131r\u0131mlar\u0131na bir yenisini daha ekledi. B\u00fcy\u00fck\u015fehir Belediyesi, Bodrum\u2019un Ortakent Mahallesi\u2019nde in\u015fa etti\u011fi modern itfaiye hizmet binas\u0131n\u0131 d\u00fczenlenen t\u00f6renle hizmete a\u00e7t\u0131. Hem teknolojik altyap\u0131s\u0131 hem de \u00e7evreci \u00f6zellikleriyle dikkat \u00e7eken yeni tesis, Bodrum\u2019un afetlere kar\u015f\u0131 acil m\u00fcdahale kapasitesini \u00f6nemli \u00f6l\u00e7\u00fcde art\u0131racak. A\u00e7\u0131l\u0131\u015f t\u00f6renine K\u0131y\u0131 Ege Belediyeler Birli\u011fi ve Mu\u011fla B\u00fcy\u00fck\u015fehir Belediye Ba\u015fkan\u0131 Ahmet Aras, Bodrum Belediye Ba\u015fkan\u0131 Tamer Mandalinci, CHP il\u00e7e ba\u015fkanlar\u0131, muhtarlar, sivil toplum kurulu\u015fu temsilcileri ve \u00e7ok say\u0131da vatanda\u015f kat\u0131ld\u0131.<\/p>\n<p>Bodrum\u2019un acil m\u00fcdahale altyap\u0131s\u0131 g\u00fc\u00e7leniyor<br \/>\n<br \/>Toplam 433 metrekare alana sahip olan yeni hizmet binas\u0131nda 40 ki\u015filik yemekhane, idari ofisler, oksijen dolum odas\u0131 ve 10 itfaiye arac\u0131n\u0131n konu\u015flanabilece\u011fi geni\u015f ara\u00e7 park alan\u0131 bulunuyor. Ayr\u0131ca binan\u0131n \u00e7at\u0131s\u0131na yerle\u015ftirilen g\u00fcne\u015f panelleri sayesinde tesisin enerji ihtiyac\u0131 \u00e7evreci bir y\u00f6ntemle kar\u015f\u0131lanacak.<\/p>\n<p>M\u00fcskebi Mahalle Muhtar\u0131 H\u00fcrriyet Gergin, &#8220;Bodrum il\u00e7emiz i\u00e7in \u00e7ok k\u0131ymetli bir a\u00e7\u0131l\u0131\u015f\u0131 ger\u00e7ekle\u015ftiriyoruz. Erken m\u00fcdahalenin hayat kurtard\u0131\u011f\u0131n\u0131 hepimiz \u00e7ok iyi biliyoruz. Mu\u011fla B\u00fcy\u00fck\u015fehir Belediye Ba\u015fkan\u0131m\u0131z Ahmet Aras\u2019a b\u00f6yle bir itfaiye binas\u0131n\u0131 mahallemize kazand\u0131rd\u0131\u011f\u0131 i\u00e7in \u00e7ok te\u015fekk\u00fcr ederim&#8221; dedi.<\/p>\n<p>&#8220;Yeni itfaiye hizmet binas\u0131 b\u00f6lgemizdeki itfaiye te\u015fkilat\u0131n\u0131n g\u00fcc\u00fcne g\u00fc\u00e7 katacak&#8221;<br \/>\n<br \/>Bodrum Belediye Ba\u015fkan\u0131 Tamer Mandalinci, &#8220;Mu\u011fla B\u00fcy\u00fck\u015fehir Belediye Ba\u015fkanl\u0131\u011f\u0131m\u0131z taraf\u0131ndan hayata ge\u00e7irilen bu hizmet binam\u0131z\u0131n itfaiye te\u015fkilat\u0131m\u0131za hay\u0131rl\u0131 olmas\u0131n\u0131 diliyorum. A\u00e7\u0131l\u0131\u015f\u0131n\u0131 yapt\u0131\u011f\u0131m\u0131z bu yap\u0131 bir bina olman\u0131n d\u0131\u015f\u0131nda afet diren\u00e7li bir kent olu\u015fturma gayemizin bir g\u00f6stergesidir. Bu hizmet binas\u0131n\u0131n b\u00f6lgemizdeki itfaiye te\u015fkilat\u0131n\u0131n g\u00fcc\u00fcne g\u00fc\u00e7 kataca\u011f\u0131na inan\u0131yorum. Afetlere erken m\u00fcdahale vatanda\u015flar\u0131m\u0131z\u0131n can ve mal g\u00fcvenli\u011fini korumada etken oldu\u011funu biliyoruz. Bu y\u00fczden afet diren\u00e7li bir kent olma yolunda bu gibi vizyoner hamlelerin \u00f6neminin fark\u0131nday\u0131z. Mu\u011fla B\u00fcy\u00fck\u015fehir Belediye Ba\u015fkan\u0131m\u0131z Ahmet Aras\u2019a bu tesis i\u00e7in Bodrumlular ad\u0131na \u00e7ok te\u015fekk\u00fcr ediyorum&#8221; diye konu\u015ftu.<\/p>\n<p>&#8220;Afetler g\u00fcn\u00fcm\u00fcz\u00fcn ka\u00e7\u0131n\u0131lmaz tehdididir&#8221;<br \/>\n<br \/>K\u0131y\u0131 Ege Belediyeler Birli\u011fi ve Mu\u011fla B\u00fcy\u00fck\u015fehir Belediye Ba\u015fkan\u0131 Ahmet Aras; &#8220;Afetler g\u00fcn\u00fcm\u00fcz\u00fcn ka\u00e7\u0131n\u0131lmaz tehdidi haline geldi. \u00dclkemizin afetlerden en fazla etkilenen b\u00f6lgesi, bizim i\u00e7inde bulundu\u011fumuz G\u00fcneybat\u0131 Akdeniz b\u00f6lgesidir. Bu y\u00fczden biz de bu bilin\u00e7le afetler konusunda \u00e7ok \u00f6nemli ad\u0131mlar att\u0131k. G\u00f6reve gelir gelmez Afet \u0130\u015fleri Daire Ba\u015fkanl\u0131\u011f\u0131\u2019n\u0131 kurduk. Bu dairemiz afet an\u0131nda koordinasyonu sa\u011flayan bir birim haline geldi. \u00d6te yandan itfaiye te\u015fkilat\u0131m\u0131z\u0131 g\u00fc\u00e7lendirdik. \u0130tfaiyeden uzakla\u015ft\u0131r\u0131lan arkada\u015flar\u0131m\u0131z\u0131 i\u015fe geri \u00e7a\u011f\u0131rd\u0131k ve yeni personelleri itfaiyemize kazand\u0131raca\u011f\u0131z. Ayn\u0131 zamanda \u0130tfaiye te\u015fkilat\u0131m\u0131z\u0131n ihtiyac\u0131 olan ara\u00e7lar konusunda \u00e7al\u0131\u015f\u0131yoruz. \u0130ller Bankas\u0131 arac\u0131l\u0131\u011f\u0131yla D\u00fcnya Bankas\u0131 kredisi kullanarak, yakla\u015f\u0131k 18 milyon avroluk yat\u0131r\u0131mla 70\u2019e yak\u0131n itfaiye arac\u0131 temin edecek ve modern, etkin bir ara\u00e7 filosu olu\u015fturaca\u011f\u0131z&#8221; dedi.<\/p>\n<p>&#8220;Yang\u0131nla m\u00fccadele \u00f6nleme ve m\u00fcdahale g\u00fcc\u00fcm\u00fcz\u00fc en \u00fcst seviyeye \u00e7\u0131karaca\u011f\u0131z&#8221;<br \/>\n<br \/>Yang\u0131nla m\u00fccadelede hem \u00f6nleme hem de m\u00fcdahale g\u00fcc\u00fcn\u00fc en \u00fcst seviyeye \u00e7\u0131karmak i\u00e7in \u00e7al\u0131\u015fmalara devam ettiklerini kaydeden Ba\u015fkan Aras, &#8220;Yang\u0131nla m\u00fccadelede en kritik e\u015fik, yang\u0131n an\u0131 de\u011fil, yang\u0131n \u00e7\u0131kmadan \u00f6nceki haz\u0131rl\u0131k d\u00f6nemidir. Mu\u011fla B\u00fcy\u00fck\u015fehir Belediyesi olarak biz, bu ger\u00e7ekle y\u00fczle\u015ferek \u00e7al\u0131\u015fmalar\u0131m\u0131z\u0131 planl\u0131yoruz. \u00c7\u00fcnk\u00fc biliyoruz ki yang\u0131nla m\u00fccadele, sadece m\u00fcdahale de\u011fil; risk y\u00f6netimi, \u00f6nleyicilik ve dayan\u0131kl\u0131l\u0131k politikas\u0131d\u0131r. Yang\u0131nla m\u00fccadelede hem yang\u0131n\u0131 \u00f6nleme hem de yang\u0131na m\u00fcdahale g\u00fcc\u00fcm\u00fcz\u00fc en \u00fcst seviyeye \u00e7\u0131karaca\u011f\u0131z. Yerinde m\u00fcdahaleyi \u00e7ok \u00f6nemsiyoruz. Ula\u015f\u0131m\u0131n g\u00fc\u00e7 oldu\u011fu, ekip olmayan ve riskli b\u00f6lgelerde mobil ekipler kurarak itfaiye te\u015fkilat\u0131m\u0131z\u0131n yerinden m\u00fcdahalesini sa\u011flayaca\u011f\u0131z&#8221; ifadelerini kulland\u0131.<\/p>\n<p>&#8220;Mu\u011fla i\u00e7in canla ba\u015fla \u00e7al\u0131\u015f\u0131yoruz&#8221;<br \/>\n<br \/>Ba\u015fkan Aras, &#8220;Bodrum\u2019a yollardan, altyap\u0131ya, i\u00e7me suyu hatlar\u0131na kadar uzanan yat\u0131r\u0131mlar\u0131m\u0131z kararl\u0131l\u0131kla devam ediyor. Y\u00fcz\u00f6l\u00e7\u00fcm\u00fc olarak \u0130stanbul\u2019un \u00fc\u00e7 kat\u0131 b\u00fcy\u00fckl\u00fc\u011f\u00fcnde bir co\u011frafyaya sahip olan Mu\u011fla\u2019m\u0131zda \u00e7al\u0131\u015fmalar\u0131m\u0131z\u0131 s\u00fcrd\u00fcr\u00fcyoruz. B\u00fcy\u00fck\u015fehir Belediyesi i\u015f\u00e7isiyle, memuruyla, y\u00f6neticisiyle Mu\u011fla i\u00e7in canla ba\u015fla \u00e7al\u0131\u015fmaktad\u0131r. Bu \u00f6nemli yap\u0131n\u0131n hayata ge\u00e7mesinde eme\u011fi ge\u00e7en t\u00fcm teknik kadroya, itfaiye te\u015fkilat\u0131m\u0131za ve sahada g\u00f6rev yapan t\u00fcm \u00e7al\u0131\u015fma arkada\u015flar\u0131ma g\u00f6n\u00fclden te\u015fekk\u00fcr ediyorum. Yeni \u0130tfaiye Hizmet Binam\u0131z\u0131n Bodrum\u2019umuza, Mu\u011fla\u2019m\u0131za ve t\u00fcm vatanda\u015flar\u0131m\u0131za hay\u0131rl\u0131 olmas\u0131n\u0131 diliyor, hepinizi sevgi ve sayg\u0131yla selaml\u0131yorum&#8221; dedi.<br \/><\/p>\n","protected":false},"excerpt":{"rendered":"<p>Mu\u011fla B\u00fcy\u00fck\u015fehir Belediyesi, Bodrum\u2019un Ortakent Mahallesi\u2019nde in\u015fa etti\u011fi modern itfaiye hizmet binas\u0131n\u0131 d\u00fczenlenen t\u00f6renle hizmete a\u00e7t\u0131. Mu\u011fla B\u00fcy\u00fck\u015fehir Belediyesi, afetlere kar\u015f\u0131 diren\u00e7li kent hedefi do\u011frultusunda yat\u0131r\u0131mlar\u0131na bir yenisini daha ekledi. B\u00fcy\u00fck\u015fehir Belediyesi, Bodrum\u2019un Ortakent Mahallesi\u2019nde in\u015fa etti\u011fi modern itfaiye hizmet binas\u0131n\u0131 d\u00fczenlenen t\u00f6renle hizmete a\u00e7t\u0131. Hem teknolojik altyap\u0131s\u0131 hem de \u00e7evreci \u00f6zellikleriyle dikkat \u00e7eken yeni&#8230;<\/p>\n","protected":false},"author":1,"featured_media":47180,"comment_status":"open","ping_status":"open","sticky":false,"template":"","format":"standard","meta":{"_crdt_document":"","footnotes":""},"categories":[1],"tags":[],"class_list":["post-47179","post","type-post","status-publish","format-standard","has-post-thumbnail","hentry","category-guncel"],"_links":{"self":[{"href":"https:\/\/www.egemtv.com\/index.php?rest_route=\/wp\/v2\/posts\/47179","targetHints":{"allow":["GET"]}}],"collection":[{"href":"https:\/\/www.egemtv.com\/index.php?rest_route=\/wp\/v2\/posts"}],"about":[{"href":"https:\/\/www.egemtv.com\/index.php?rest_route=\/wp\/v2\/types\/post"}],"author":[{"embeddable":true,"href":"https:\/\/www.egemtv.com\/index.php?rest_route=\/wp\/v2\/users\/1"}],"replies":[{"embeddable":true,"href":"https:\/\/www.egemtv.com\/index.php?rest_route=%2Fwp%2Fv2%2Fcomments&post=47179"}],"version-history":[{"count":1,"href":"https:\/\/www.egemtv.com\/index.php?rest_route=\/wp\/v2\/posts\/47179\/revisions"}],"predecessor-version":[{"id":47181,"href":"https:\/\/www.egemtv.com\/index.php?rest_route=\/wp\/v2\/posts\/47179\/revisions\/47181"}],"wp:featuredmedia":[{"embeddable":true,"href":"https:\/\/www.egemtv.com\/index.php?rest_route=\/wp\/v2\/media\/47180"}],"wp:attachment":[{"href":"https:\/\/www.egemtv.com\/index.php?rest_route=%2Fwp%2Fv2%2Fmedia&parent=47179"}],"wp:term":[{"taxonomy":"category","embeddable":true,"href":"https:\/\/www.egemtv.com\/index.php?rest_route=%2Fwp%2Fv2%2Fcategories&post=47179"},{"taxonomy":"post_tag","embeddable":true,"href":"https:\/\/www.egemtv.com\/index.php?rest_route=%2Fwp%2Fv2%2Ftags&post=47179"}],"curies":[{"name":"wp","href":"https:\/\/api.w.org\/{rel}","templated":true}]}}