{"id":47176,"date":"2025-08-06T14:15:01","date_gmt":"2025-08-06T11:15:01","guid":{"rendered":"https:\/\/www.egemtv.com\/?p=47176"},"modified":"2025-08-06T14:15:02","modified_gmt":"2025-08-06T11:15:02","slug":"muglada-100-yas-evi-uyeleri-yazlik-sinema-gunlerinde-bulustu","status":"publish","type":"post","link":"https:\/\/www.egemtv.com\/?p=47176","title":{"rendered":"Mu\u011fla\u2019da 100 Ya\u015f Evi \u00dcyeleri Yazl\u0131k Sinema G\u00fcnleri\u2019nde bulu\u015ftu"},"content":{"rendered":"<p>Mu\u011fla B\u00fcy\u00fck\u015fehir Belediyesi 100 Ya\u015f Evi \u00fcyeleri i\u00e7in geleneksel yazl\u0131k sinema g\u00fcnlerini ba\u015flatt\u0131.<\/p>\n<p>Mu\u011fla B\u00fcy\u00fck\u015fehir Belediyesi taraf\u0131ndan, 60 ya\u015f \u00fczeri vatanda\u015flar\u0131n sosyal hayata daha aktif kat\u0131l\u0131mlar\u0131n\u0131 sa\u011flamak ve \u00fcretkenliklerini desteklemek amac\u0131yla hayata ge\u00e7irilen 100 Ya\u015f Evlerinde etkinlikler h\u0131z kesmeden devam ediyor. Bu kapsamda faaliyetlerini s\u00fcrd\u00fcren Nil\u00fcfer Caner 100 Ya\u015f Evi\u2019nde yaz d\u00f6nemi i\u00e7in \u00f6zel olarak d\u00fczenlenen &#8220;Geleneksel Yazl\u0131k Sinema G\u00fcnleri&#8221; ba\u015flad\u0131. Etkinlik kapsam\u0131nda \u015fimdiye kadar 14 farkl\u0131 film g\u00f6sterime sunulurken, bu y\u0131l\u0131n ikinci g\u00f6steriminde \u00fcyelerin yo\u011fun kat\u0131l\u0131m\u0131yla &#8220;Elveda Katya&#8221; ve &#8220;Yenge\u00e7 Sepeti&#8221; filmleri izlendi.<\/p>\n<p>100 Ya\u015f Evi \u00fcyeleri a\u00e7\u0131k hava sinemas\u0131n\u0131n nostaljik atmosferinde bir araya gelerek aileleri ile keyifli bir ak\u015fam ge\u00e7irmenin mutlulu\u011funu ya\u015fad\u0131. Etkinli\u011fe kat\u0131lanlar, organizasyondan duyduklar\u0131 memnuniyeti dile getirerek Mu\u011fla B\u00fcy\u00fck\u015fehir Belediye Ba\u015fkan\u0131 Ahmet Aras\u2019a ve eme\u011fi ge\u00e7en herkese bu hizmet i\u00e7in te\u015fekk\u00fcr etti. \u00d6n\u00fcm\u00fczdeki g\u00fcnlerde ise Mucize ve Mucize 2 filmleri \u00fcyelerle bulu\u015fturulacak.<\/p>\n<p>Mu\u011fla B\u00fcy\u00fck\u015fehir Belediyesi\u2019nin 60 ya\u015f \u00fczeri vatanda\u015flar\u0131n sosyal hayata daha fazla kat\u0131lmalar\u0131n\u0131 sa\u011flamak i\u00e7in hayata ge\u00e7irdi\u011fi 100 Ya\u015f Evleri Mente\u015fe ve Fethiye\u2019de vatanda\u015flardan yo\u011fun ilgi g\u00f6rmeye devam ediyor. Mente\u015fe Nil\u00fcfer Caner 100 Ya\u015f Evi\u2019nin 2203, Fethiye 100 Ya\u015f Evi\u2019nin de 824 \u00fcyesi bulunuyor. 100 Ya\u015f Evleri\u2019nde sinema g\u00fcnlerinin yan\u0131 s\u0131ra y\u0131l boyunca \u00fcyelerin hem zihinsel hem de fiziksel olarak aktif kalmalar\u0131n\u0131 sa\u011flayan \u00e7ok say\u0131da at\u00f6lye ve sosyal etkinlik d\u00fczenleniyor. Resim, \u0130ngilizce, Egzersiz At\u00f6lyeleri, Haf\u0131za Oyunlar\u0131, Tavla, Satran\u00e7 ve Dama Turnuvalar\u0131, T\u00fcrk Halk M\u00fczi\u011fi Korosu gibi sosyal ve k\u00fclt\u00fcrel faaliyetler yer al\u0131yor.<\/p>\n<p>Ba\u015fkan Aras; &#8220;Her ya\u015ftan hem\u015fehrimizin mutlulu\u011fu i\u00e7in \u00e7al\u0131\u015f\u0131yoruz&#8221;<br \/>\n<br \/>K\u0131y\u0131 Ege Belediyeler Birli\u011fi ve Mu\u011fla B\u00fcy\u00fck\u015fehir Belediye Ba\u015fkan\u0131 Ahmet Aras vatanda\u015flar\u0131n birlikte sosyalle\u015fmesi, bir araya gelmesi i\u00e7in yenilik\u00e7i projeler hayata ge\u00e7irdiklerini s\u00f6yledi. Ba\u015fkan Aras; &#8220;100 Ya\u015f Evleri Mu\u011fla\u2019m\u0131zda belli bir ya\u015f\u0131n \u00fczerinde vatanda\u015f\u0131m\u0131za hitap eden, onlar\u0131n sosyalle\u015fmesine, yeni \u015feyler \u00f6\u011frenmesine katk\u0131 sunan merkezler haline geldi. Ya\u015flar\u0131n\u0131n en verimli zamanlar\u0131nda, emeklili\u011fin de tad\u0131n\u0131 \u00e7\u0131kar\u0131rken 100 Ya\u015f Evleri\u2019mizde yeni arkada\u015fl\u0131klar kurarak, yeni bilgiler \u00f6\u011frenerek kimi zamanda birlikte sinema filmleri izleyerek keyifli vakit ge\u00e7iriyorlar. Her ya\u015ftan hem\u015fehrimizin yan\u0131nda olmaya, onlar\u0131n huzuru ve mutlulu\u011fu i\u00e7in \u00e7al\u0131\u015fmaya devam edece\u011fiz&#8221; dedi.<br \/><\/p>\n","protected":false},"excerpt":{"rendered":"<p>Mu\u011fla B\u00fcy\u00fck\u015fehir Belediyesi 100 Ya\u015f Evi \u00fcyeleri i\u00e7in geleneksel yazl\u0131k sinema g\u00fcnlerini ba\u015flatt\u0131. Mu\u011fla B\u00fcy\u00fck\u015fehir Belediyesi taraf\u0131ndan, 60 ya\u015f \u00fczeri vatanda\u015flar\u0131n sosyal hayata daha aktif kat\u0131l\u0131mlar\u0131n\u0131 sa\u011flamak ve \u00fcretkenliklerini desteklemek amac\u0131yla hayata ge\u00e7irilen 100 Ya\u015f Evlerinde etkinlikler h\u0131z kesmeden devam ediyor. Bu kapsamda faaliyetlerini s\u00fcrd\u00fcren Nil\u00fcfer Caner 100 Ya\u015f Evi\u2019nde yaz d\u00f6nemi i\u00e7in \u00f6zel olarak&#8230;<\/p>\n","protected":false},"author":1,"featured_media":47177,"comment_status":"open","ping_status":"open","sticky":false,"template":"","format":"standard","meta":{"_crdt_document":"","footnotes":""},"categories":[1],"tags":[],"class_list":["post-47176","post","type-post","status-publish","format-standard","has-post-thumbnail","hentry","category-guncel"],"_links":{"self":[{"href":"https:\/\/www.egemtv.com\/index.php?rest_route=\/wp\/v2\/posts\/47176","targetHints":{"allow":["GET"]}}],"collection":[{"href":"https:\/\/www.egemtv.com\/index.php?rest_route=\/wp\/v2\/posts"}],"about":[{"href":"https:\/\/www.egemtv.com\/index.php?rest_route=\/wp\/v2\/types\/post"}],"author":[{"embeddable":true,"href":"https:\/\/www.egemtv.com\/index.php?rest_route=\/wp\/v2\/users\/1"}],"replies":[{"embeddable":true,"href":"https:\/\/www.egemtv.com\/index.php?rest_route=%2Fwp%2Fv2%2Fcomments&post=47176"}],"version-history":[{"count":1,"href":"https:\/\/www.egemtv.com\/index.php?rest_route=\/wp\/v2\/posts\/47176\/revisions"}],"predecessor-version":[{"id":47178,"href":"https:\/\/www.egemtv.com\/index.php?rest_route=\/wp\/v2\/posts\/47176\/revisions\/47178"}],"wp:featuredmedia":[{"embeddable":true,"href":"https:\/\/www.egemtv.com\/index.php?rest_route=\/wp\/v2\/media\/47177"}],"wp:attachment":[{"href":"https:\/\/www.egemtv.com\/index.php?rest_route=%2Fwp%2Fv2%2Fmedia&parent=47176"}],"wp:term":[{"taxonomy":"category","embeddable":true,"href":"https:\/\/www.egemtv.com\/index.php?rest_route=%2Fwp%2Fv2%2Fcategories&post=47176"},{"taxonomy":"post_tag","embeddable":true,"href":"https:\/\/www.egemtv.com\/index.php?rest_route=%2Fwp%2Fv2%2Ftags&post=47176"}],"curies":[{"name":"wp","href":"https:\/\/api.w.org\/{rel}","templated":true}]}}