{"id":47173,"date":"2025-08-06T13:35:10","date_gmt":"2025-08-06T10:35:10","guid":{"rendered":"https:\/\/www.egemtv.com\/?p=47173"},"modified":"2025-08-06T13:35:10","modified_gmt":"2025-08-06T10:35:10","slug":"aydinli-cocuklar-sanatsal-tasarimla-tanisiyor","status":"publish","type":"post","link":"https:\/\/www.egemtv.com\/?p=47173","title":{"rendered":"Ayd\u0131nl\u0131 \u00e7ocuklar sanatsal tasar\u0131mla tan\u0131\u015f\u0131yor"},"content":{"rendered":"<p>Ayd\u0131n B\u00fcy\u00fck\u015fehir Belediyesi\u2019nin \u00fccretsiz sanatsal tasar\u0131m kurslar\u0131, \u00e7ocuklara hayal g\u00fc\u00e7lerini ke\u015ffetme ve kendi d\u00fcnyalar\u0131n\u0131 sanatla ifade etme imkan\u0131 sunuyor.<\/p>\n<p>Ayd\u0131n B\u00fcy\u00fck\u015fehir Belediyesi\u2019nin yaz kurslar\u0131 kapsam\u0131nda d\u00fczenledi\u011fi sanatsal tasar\u0131m e\u011fitimleri, \u00e7ocuklar\u0131n hayal g\u00fc\u00e7lerini geli\u015ftiren renkli bir \u00f6\u011frenme alan\u0131 sunuyor. \u00c7izimden grafik tasar\u0131ma ve el sanatlar\u0131na uzanan geni\u015f i\u00e7erikteki e\u011fitimler, miniklerin sanatla bulu\u015fmas\u0131n\u0131 sa\u011fl\u0131yor.<\/p>\n<p>\u00dccretsiz olarak ger\u00e7ekle\u015fen kurslarda \u00e7ocuklar, farkl\u0131 malzemeler ve tekniklerle tan\u0131\u015f\u0131rken, kendi tasar\u0131mlar\u0131n\u0131 ortaya koyman\u0131n heyecan\u0131n\u0131 ya\u015f\u0131yor. Grup \u00e7al\u0131\u015fmalar\u0131 ve bireysel projelerle desteklenen e\u011fitimlerde, \u00e7ocuklar\u0131n \u00f6zg\u00fcvenleri ve estetik bak\u0131\u015f a\u00e7\u0131lar\u0131 g\u00fc\u00e7leniyor.<\/p>\n<p>Sanat\u0131n \u00e7ocuklar\u0131n geli\u015fimindeki \u00f6nemine dikkat \u00e7eken Ayd\u0131n B\u00fcy\u00fck\u015fehir Belediye Ba\u015fkan\u0131 \u00d6zlem \u00c7er\u00e7io\u011flu, &#8220;Yaz kurslar\u0131m\u0131zla \u00e7ocuklar\u0131m\u0131z\u0131n hem hayal g\u00fc\u00e7lerini ortaya \u00e7\u0131karmalar\u0131n\u0131 hem de \u00f6zg\u00fcn d\u00fc\u015f\u00fcncelerini geli\u015ftirmelerini ama\u00e7l\u0131yoruz. Sanatsal tasar\u0131m kurslar\u0131m\u0131z, \u00e7ocuklar\u0131m\u0131za kendi d\u00fcnyalar\u0131n\u0131 ifade etme f\u0131rsat\u0131 veriyor. \u00c7ocuklar\u0131m\u0131z\u0131n geli\u015fimi i\u00e7in projeler \u00fcretmeye, onlar i\u00e7in \u00e7al\u0131\u015fmaya devam edece\u011fiz&#8221; dedi.<\/p>\n<p>Veliler ise yaz kurslar\u0131n\u0131n \u00e7ocuklar\u0131 i\u00e7in hem e\u011fitici hem de g\u00fcvenli bir ortam sundu\u011funu belirterek Ayd\u0131n B\u00fcy\u00fck\u015fehir Belediyesi\u2019ne ve Ba\u015fkan \u00c7er\u00e7io\u011flu\u2019na te\u015fekk\u00fcr etti.<br \/><\/p>\n","protected":false},"excerpt":{"rendered":"<p>Ayd\u0131n B\u00fcy\u00fck\u015fehir Belediyesi\u2019nin \u00fccretsiz sanatsal tasar\u0131m kurslar\u0131, \u00e7ocuklara hayal g\u00fc\u00e7lerini ke\u015ffetme ve kendi d\u00fcnyalar\u0131n\u0131 sanatla ifade etme imkan\u0131 sunuyor. Ayd\u0131n B\u00fcy\u00fck\u015fehir Belediyesi\u2019nin yaz kurslar\u0131 kapsam\u0131nda d\u00fczenledi\u011fi sanatsal tasar\u0131m e\u011fitimleri, \u00e7ocuklar\u0131n hayal g\u00fc\u00e7lerini geli\u015ftiren renkli bir \u00f6\u011frenme alan\u0131 sunuyor. \u00c7izimden grafik tasar\u0131ma ve el sanatlar\u0131na uzanan geni\u015f i\u00e7erikteki e\u011fitimler, miniklerin sanatla bulu\u015fmas\u0131n\u0131 sa\u011fl\u0131yor. \u00dccretsiz olarak ger\u00e7ekle\u015fen&#8230;<\/p>\n","protected":false},"author":1,"featured_media":47174,"comment_status":"open","ping_status":"open","sticky":false,"template":"","format":"standard","meta":{"_crdt_document":"","footnotes":""},"categories":[1],"tags":[],"class_list":["post-47173","post","type-post","status-publish","format-standard","has-post-thumbnail","hentry","category-guncel"],"_links":{"self":[{"href":"https:\/\/www.egemtv.com\/index.php?rest_route=\/wp\/v2\/posts\/47173","targetHints":{"allow":["GET"]}}],"collection":[{"href":"https:\/\/www.egemtv.com\/index.php?rest_route=\/wp\/v2\/posts"}],"about":[{"href":"https:\/\/www.egemtv.com\/index.php?rest_route=\/wp\/v2\/types\/post"}],"author":[{"embeddable":true,"href":"https:\/\/www.egemtv.com\/index.php?rest_route=\/wp\/v2\/users\/1"}],"replies":[{"embeddable":true,"href":"https:\/\/www.egemtv.com\/index.php?rest_route=%2Fwp%2Fv2%2Fcomments&post=47173"}],"version-history":[{"count":1,"href":"https:\/\/www.egemtv.com\/index.php?rest_route=\/wp\/v2\/posts\/47173\/revisions"}],"predecessor-version":[{"id":47175,"href":"https:\/\/www.egemtv.com\/index.php?rest_route=\/wp\/v2\/posts\/47173\/revisions\/47175"}],"wp:featuredmedia":[{"embeddable":true,"href":"https:\/\/www.egemtv.com\/index.php?rest_route=\/wp\/v2\/media\/47174"}],"wp:attachment":[{"href":"https:\/\/www.egemtv.com\/index.php?rest_route=%2Fwp%2Fv2%2Fmedia&parent=47173"}],"wp:term":[{"taxonomy":"category","embeddable":true,"href":"https:\/\/www.egemtv.com\/index.php?rest_route=%2Fwp%2Fv2%2Fcategories&post=47173"},{"taxonomy":"post_tag","embeddable":true,"href":"https:\/\/www.egemtv.com\/index.php?rest_route=%2Fwp%2Fv2%2Ftags&post=47173"}],"curies":[{"name":"wp","href":"https:\/\/api.w.org\/{rel}","templated":true}]}}