{"id":47170,"date":"2025-08-06T13:35:09","date_gmt":"2025-08-06T10:35:09","guid":{"rendered":"https:\/\/www.egemtv.com\/?p=47170"},"modified":"2025-08-06T13:35:10","modified_gmt":"2025-08-06T10:35:10","slug":"didimdeki-yan-baktin-kavgasinda-agir-yaralanan-sahis-hayatini-kaybetti","status":"publish","type":"post","link":"https:\/\/www.egemtv.com\/?p=47170","title":{"rendered":"Didim\u2019deki \u2019yan bakt\u0131n\u2019 kavgas\u0131nda a\u011f\u0131r yaralanan \u015fah\u0131s hayat\u0131n\u0131 kaybetti"},"content":{"rendered":"<p>Almanya\u2019dan ailesiyle birlikte tatili i\u00e7in Ayd\u0131n\u2019\u0131n Didim il\u00e7esine gelen, &#8220;yan bakt\u0131n&#8221; tart\u0131\u015fmas\u0131nda ba\u015f\u0131na ald\u0131\u011f\u0131 darbelerle a\u011f\u0131r yaralanan 20 ya\u015f\u0131ndaki Poyraz Basnak, hastanede 15 g\u00fcn s\u00fcren ya\u015fam sava\u015f\u0131n\u0131 kaybetti.<\/p>\n<p>Edinilen bilgiye g\u00f6re, Akk\u00f6y Mahallesi sahilindeki bir sitede 23 Temmuz 2025 g\u00fcn\u00fc ya\u015fanan olayda y\u00fcr\u00fcy\u00fc\u015f yapan 17 ya\u015f\u0131ndaki O.A. ile 18 ya\u015f\u0131ndaki P.G. iddiaya g\u00f6re \u2019yan bakt\u0131n\u2019 meselesi y\u00fcz\u00fcnden s\u00f6zl\u00fc tart\u0131\u015fma ya\u015fad\u0131. K\u0131sa s\u00fcrede tart\u0131\u015fma kavgaya d\u00f6n\u00fc\u015fmek \u00fczereyken \u00e7evredeki vatanda\u015flar\u0131n araya girmesiyle b\u00fcy\u00fcmeden engellenirken, her iki taraf da olay yerinden uzakla\u015ft\u0131. Yakla\u015f\u0131k iki saat sonra, taraflardan P.G. (18) sahilde tek ba\u015f\u0131na otururken, daha \u00f6nce tart\u0131\u015ft\u0131\u011f\u0131 O.A.\u2019y\u0131 ve yan\u0131ndaki arkada\u015f\u0131 P.B.\u2019yi (20) sahilde y\u00fcr\u00fcy\u00fc\u015f yaparken g\u00f6rd\u00fc. H\u0131zla olay yerinden uzakla\u015fan P.G., arkada\u015f\u0131 A.G\u2019yi (18) \u00e7a\u011f\u0131rarak otomobille iki arkada\u015f\u0131 takip etmeye ba\u015flad\u0131. O.A. ve arkada\u015f\u0131 P.B., oturduklar\u0131 sitenin hemen \u00f6n\u00fcnde bulunan sahil kenar\u0131na do\u011fru y\u00fcr\u00fcrken, P.G. ve A.G. otomobilden inerek O.A. ve P.B.\u2019ye sald\u0131rd\u0131. Sad\u0131rda A.G.\u2019nin savurdu\u011fu sopayla ba\u015f\u0131ndan a\u011f\u0131r yaralanan P.B., kanlar i\u00e7inde yere y\u0131\u011f\u0131ld\u0131. Daha sonra O.A.\u2019ya y\u00f6nelen iki arkada\u015f, O.A.\u2019y\u0131 da darp ettikten sonra h\u0131zla geldikleri otomobile binerek olay yerinden uzakla\u015ft\u0131.<\/p>\n<p>\u00c7evredeki vatanda\u015flar\u0131n ihbar\u0131 \u00fczerine olay yerine sa\u011fl\u0131k ve jandarma ekipleri sevk edildi. Sa\u011fl\u0131k ekiplerinin olay yerindeki ilk m\u00fcdahalesinin ard\u0131ndan a\u011f\u0131r yaralanan Poyraz Basnak, ambulansla \u00f6nce Didim Devlet Hastanesi\u2019ne, oradan da Ku\u015fadas\u0131 Devlet Hastanesi\u2019ne sevk edildi. Burada yap\u0131lan ilk muayene ve kontroller sonras\u0131 durumu a\u011f\u0131r olan ve hayati tehlikesi bulunan Poyraz Basnak ambulansla \u0130zmir Ege \u00dcniversitesi Hastanesi\u2019ne sevk edilerek yo\u011fun bak\u0131ma al\u0131nd\u0131.  Olayda Poyraz Basnak\u2019\u0131 a\u011f\u0131r yaralayan A.G ise tedavisinin ard\u0131ndan tutuklanarak cezaevine g\u00f6nderilirken, \u0130zmir\u2019de tedavisi s\u00fcren Poyraz Basnak 15 g\u00fcnl\u00fck ya\u015fam sava\u015f\u0131n\u0131 kaybetti. Basnak\u2019\u0131n \u00f6l\u00fcm haberi ailesi ve t\u00fcm sevenlerini yasa bo\u011fdu.<br \/><\/p>\n","protected":false},"excerpt":{"rendered":"<p>Almanya\u2019dan ailesiyle birlikte tatili i\u00e7in Ayd\u0131n\u2019\u0131n Didim il\u00e7esine gelen, &#8220;yan bakt\u0131n&#8221; tart\u0131\u015fmas\u0131nda ba\u015f\u0131na ald\u0131\u011f\u0131 darbelerle a\u011f\u0131r yaralanan 20 ya\u015f\u0131ndaki Poyraz Basnak, hastanede 15 g\u00fcn s\u00fcren ya\u015fam sava\u015f\u0131n\u0131 kaybetti. Edinilen bilgiye g\u00f6re, Akk\u00f6y Mahallesi sahilindeki bir sitede 23 Temmuz 2025 g\u00fcn\u00fc ya\u015fanan olayda y\u00fcr\u00fcy\u00fc\u015f yapan 17 ya\u015f\u0131ndaki O.A. ile 18 ya\u015f\u0131ndaki P.G. iddiaya g\u00f6re \u2019yan bakt\u0131n\u2019&#8230;<\/p>\n","protected":false},"author":1,"featured_media":47171,"comment_status":"open","ping_status":"open","sticky":false,"template":"","format":"standard","meta":{"_crdt_document":"","footnotes":""},"categories":[1],"tags":[],"class_list":["post-47170","post","type-post","status-publish","format-standard","has-post-thumbnail","hentry","category-guncel"],"_links":{"self":[{"href":"https:\/\/www.egemtv.com\/index.php?rest_route=\/wp\/v2\/posts\/47170","targetHints":{"allow":["GET"]}}],"collection":[{"href":"https:\/\/www.egemtv.com\/index.php?rest_route=\/wp\/v2\/posts"}],"about":[{"href":"https:\/\/www.egemtv.com\/index.php?rest_route=\/wp\/v2\/types\/post"}],"author":[{"embeddable":true,"href":"https:\/\/www.egemtv.com\/index.php?rest_route=\/wp\/v2\/users\/1"}],"replies":[{"embeddable":true,"href":"https:\/\/www.egemtv.com\/index.php?rest_route=%2Fwp%2Fv2%2Fcomments&post=47170"}],"version-history":[{"count":1,"href":"https:\/\/www.egemtv.com\/index.php?rest_route=\/wp\/v2\/posts\/47170\/revisions"}],"predecessor-version":[{"id":47172,"href":"https:\/\/www.egemtv.com\/index.php?rest_route=\/wp\/v2\/posts\/47170\/revisions\/47172"}],"wp:featuredmedia":[{"embeddable":true,"href":"https:\/\/www.egemtv.com\/index.php?rest_route=\/wp\/v2\/media\/47171"}],"wp:attachment":[{"href":"https:\/\/www.egemtv.com\/index.php?rest_route=%2Fwp%2Fv2%2Fmedia&parent=47170"}],"wp:term":[{"taxonomy":"category","embeddable":true,"href":"https:\/\/www.egemtv.com\/index.php?rest_route=%2Fwp%2Fv2%2Fcategories&post=47170"},{"taxonomy":"post_tag","embeddable":true,"href":"https:\/\/www.egemtv.com\/index.php?rest_route=%2Fwp%2Fv2%2Ftags&post=47170"}],"curies":[{"name":"wp","href":"https:\/\/api.w.org\/{rel}","templated":true}]}}