{"id":47167,"date":"2025-08-06T13:35:08","date_gmt":"2025-08-06T10:35:08","guid":{"rendered":"https:\/\/www.egemtv.com\/?p=47167"},"modified":"2025-08-06T13:35:09","modified_gmt":"2025-08-06T10:35:09","slug":"bodrum-fk-baskani-askin-demir-super-lig-hedefimizden-sapmadik-sapmayacagiz","status":"publish","type":"post","link":"https:\/\/www.egemtv.com\/?p=47167","title":{"rendered":"Bodrum FK Ba\u015fkan\u0131 A\u015fk\u0131n Demir: &#8220;S\u00fcper Lig hedefimizden sapmad\u0131k, sapmayaca\u011f\u0131z&#8221;"},"content":{"rendered":"<p>Trendyol 1. Lig ekiplerinden Bodrum Futbol Kul\u00fcb\u00fc, yeni sezon \u00f6ncesi d\u00fczenledi\u011fi dayan\u0131\u015fma gecesinda teknik heyet, futbolcular, y\u00f6netim kurulu \u00fcyeleri ve bas\u0131n mensuplar\u0131 bir araya geldi.<\/p>\n<p>Bodrum Futbol Kul\u00fcb\u00fc, 2025-2026 sezonu \u00f6ncesi d\u00fczenledi\u011fi dayan\u0131\u015fma gecesinda teknik heyet, futbolcular, y\u00f6netim kurulu \u00fcyeleri ve bas\u0131n mensuplar\u0131 bir araya gelirken, kul\u00fcp i\u00e7i birlik ve beraberlik mesaj\u0131 verildi. Y\u00f6netim ve oyuncular gelece\u011fe dair hedeflerini payla\u015ft\u0131. Kul\u00fcb\u00fcn S\u00fcper Lig hedefi do\u011frultusunda kararl\u0131l\u0131kla ilerledi\u011fini belirten Bodrum FK Ba\u015fkan\u0131 A\u015fk\u0131n Demir, &#8220;Heyecanl\u0131y\u0131z. Ge\u00e7ti\u011fimiz sezona g\u00f6re b\u00fcy\u00fck bir fark yok. Hala ayn\u0131 birlik ve beraberlik i\u00e7indeyiz. Hissedarl\u0131k yap\u0131m\u0131z de\u011fi\u015fmedi, sadece gen\u00e7le\u015ftik diyebiliriz. Bu tak\u0131m ruhuyla S\u00fcper Lig hedefimizden sapmad\u0131k, sapmayaca\u011f\u0131z. Bu y\u0131l tesisle\u015fmeye a\u011f\u0131rl\u0131k vererek gelece\u011fe yat\u0131r\u0131m yapaca\u011f\u0131z. K\u0131sa vadeli de\u011fil, 3 ila 5 y\u0131l\u0131 kapsayan uzun vadeli hedeflerimiz var. Yeni y\u00f6netimimizle bu vizyonu ger\u00e7ekle\u015ftirmek i\u00e7in var g\u00fcc\u00fcm\u00fczle \u00e7al\u0131\u015faca\u011f\u0131z&#8221; dedi.<\/p>\n<p>A\u015fk\u0131n Demir: &#8220;Ge\u00e7en sezonki kadromuza g\u00fcvenimiz tam&#8221;<br \/>\n<br \/>Yabanc\u0131 oyuncu kural\u0131na da de\u011finen Ba\u015fkan Demir, &#8220;Ge\u00e7ti\u011fimiz sezon 13 olan yabanc\u0131 oyuncu say\u0131s\u0131 bu y\u0131l 8\u2019e d\u00fc\u015ft\u00fc. Bu nedenle kadromuzdan 5 yabanc\u0131 futbolcuyu \u00e7\u0131karmam\u0131z gerekiyor. \u015eu ana kadar 2 oyuncuyla yollar\u0131m\u0131z\u0131 ay\u0131rd\u0131k, 3 oyuncuyla g\u00f6r\u00fc\u015fmelerimiz s\u00fcr\u00fcyor. \u00d6te yandan, kadromuza 2 gen\u00e7 yetenek katt\u0131k. Ge\u00e7en sezonki kadromuza g\u00fcvenimiz tam&#8221; de\u011ferlendirmesinde bulundu.<\/p>\n<p>A\u015fk\u0131n Demir: &#8220;Bug\u00fcn\u00fcn \u00f6\u011frencileri yar\u0131n\u0131n futbolcusu ya da taraftar\u0131 olabilir&#8221;<br \/>\n<br \/>Ba\u015far\u0131y\u0131 sadece puanla de\u011fil, topluma katk\u0131yla da \u00f6l\u00e7t\u00fcklerini belirten Demir, &#8220;Bodrum FK\u2019y\u0131 ger\u00e7ek anlamda bir \u015fehir tak\u0131m\u0131 yapmak istiyoruz. Bu y\u00f6nde yat\u0131r\u0131mlar\u0131m\u0131z s\u00fcr\u00fcyor. Her ma\u00e7ta 80 \u00fccretsiz bilet ay\u0131r\u0131yor, ilk ve orta\u00f6\u011fretim \u00f6\u011frencilerine bu imkan\u0131 sa\u011fl\u0131yor, gelen \u00e7ocuklara iki forma hediye ediyoruz. Bug\u00fcn\u00fcn \u00f6\u011frencileri yar\u0131n\u0131n futbolcusu ya da taraftar\u0131 olabilir. Y\u00f6netimimizde Bodrum\u2019un sevilen, deneyimli ve vizyon sahibi isimleri yer al\u0131yor. Onlar\u0131n bilgi ve birikimlerinden faydalanaca\u011f\u0131z&#8221; \u015feklinde konu\u015ftu.<\/p>\n<p>Burhan E\u015fer: &#8220;Bu g\u00fcvene lay\u0131k olmak i\u00e7in \u00e7al\u0131\u015faca\u011f\u0131m&#8221;<br \/>\n<br \/>Dayan\u0131\u015fma gecesinde s\u00f6z alan Teknik Direkt\u00f6r Burhan E\u015fer ise, &#8220;Futbolculuk d\u00f6nemimde de, yard\u0131mc\u0131 antren\u00f6rl\u00fckte de bu kul\u00fcpte \u015fampiyonluk ya\u015fad\u0131m. Ge\u00e7en sezonun \u00fcz\u00fcnt\u00fcs\u00fcn\u00fcn ard\u0131ndan, ba\u015fkan\u0131m\u0131z ve y\u00f6netimimizin deste\u011fiyle bu \u00f6nemli g\u00f6rev bana verildi. Bu g\u00fcvene lay\u0131k olmak i\u00e7in \u00e7al\u0131\u015faca\u011f\u0131m. Bodrum taraftar\u0131yla \u00f6zel bir ba\u011f\u0131m var. K\u0131sa s\u00fcre futbolcu olarak forma giymeme ra\u011fmen \u00e7ok g\u00fc\u00e7l\u00fc duygular ta\u015f\u0131yorum&#8221; diye konu\u015ftu.<\/p>\n<p>Burhan E\u015fer: &#8220;Gen\u00e7 ve potansiyelli oyuncular\u0131m\u0131za g\u00fcvenece\u011fiz&#8221;<br \/>\n<br \/>Tak\u0131m\u0131n oyun anlay\u0131\u015f\u0131yla ilgili de bilgi veren E\u015fer, &#8220;\u00d6nceli\u011fimiz, i\u00e7 yap\u0131y\u0131 sa\u011flamla\u015ft\u0131rmak. Eksik g\u00f6rd\u00fc\u011f\u00fcm\u00fcz mevkilerde transfer yapabilecek g\u00fcc\u00fcm\u00fcz var. Gen\u00e7 ve potansiyelli oyuncular\u0131m\u0131za g\u00fcvenece\u011fiz. Onlar\u0131 sahaya s\u00fcrmeden kazanamay\u0131z. Sahada ne yapt\u0131\u011f\u0131n\u0131 bilen, istekli, disiplinli, co\u015fkulu, hem defansif hem ofansif y\u00f6nleri g\u00fc\u00e7l\u00fc, fiziksel kapasitesi y\u00fcksek bir oyun anlay\u0131\u015f\u0131n\u0131 benimsiyoruz. Bu sistemi oyuncular\u0131m\u0131za a\u015f\u0131l\u0131yoruz ve onlar da bu yakla\u015f\u0131m\u0131 benimsiyor&#8221; ifadelerini kulland\u0131.<br \/><\/p>\n","protected":false},"excerpt":{"rendered":"<p>Trendyol 1. Lig ekiplerinden Bodrum Futbol Kul\u00fcb\u00fc, yeni sezon \u00f6ncesi d\u00fczenledi\u011fi dayan\u0131\u015fma gecesinda teknik heyet, futbolcular, y\u00f6netim kurulu \u00fcyeleri ve bas\u0131n mensuplar\u0131 bir araya geldi. Bodrum Futbol Kul\u00fcb\u00fc, 2025-2026 sezonu \u00f6ncesi d\u00fczenledi\u011fi dayan\u0131\u015fma gecesinda teknik heyet, futbolcular, y\u00f6netim kurulu \u00fcyeleri ve bas\u0131n mensuplar\u0131 bir araya gelirken, kul\u00fcp i\u00e7i birlik ve beraberlik mesaj\u0131 verildi. Y\u00f6netim ve&#8230;<\/p>\n","protected":false},"author":1,"featured_media":47168,"comment_status":"open","ping_status":"open","sticky":false,"template":"","format":"standard","meta":{"_crdt_document":"","footnotes":""},"categories":[4],"tags":[],"class_list":["post-47167","post","type-post","status-publish","format-standard","has-post-thumbnail","hentry","category-spor"],"_links":{"self":[{"href":"https:\/\/www.egemtv.com\/index.php?rest_route=\/wp\/v2\/posts\/47167","targetHints":{"allow":["GET"]}}],"collection":[{"href":"https:\/\/www.egemtv.com\/index.php?rest_route=\/wp\/v2\/posts"}],"about":[{"href":"https:\/\/www.egemtv.com\/index.php?rest_route=\/wp\/v2\/types\/post"}],"author":[{"embeddable":true,"href":"https:\/\/www.egemtv.com\/index.php?rest_route=\/wp\/v2\/users\/1"}],"replies":[{"embeddable":true,"href":"https:\/\/www.egemtv.com\/index.php?rest_route=%2Fwp%2Fv2%2Fcomments&post=47167"}],"version-history":[{"count":1,"href":"https:\/\/www.egemtv.com\/index.php?rest_route=\/wp\/v2\/posts\/47167\/revisions"}],"predecessor-version":[{"id":47169,"href":"https:\/\/www.egemtv.com\/index.php?rest_route=\/wp\/v2\/posts\/47167\/revisions\/47169"}],"wp:featuredmedia":[{"embeddable":true,"href":"https:\/\/www.egemtv.com\/index.php?rest_route=\/wp\/v2\/media\/47168"}],"wp:attachment":[{"href":"https:\/\/www.egemtv.com\/index.php?rest_route=%2Fwp%2Fv2%2Fmedia&parent=47167"}],"wp:term":[{"taxonomy":"category","embeddable":true,"href":"https:\/\/www.egemtv.com\/index.php?rest_route=%2Fwp%2Fv2%2Fcategories&post=47167"},{"taxonomy":"post_tag","embeddable":true,"href":"https:\/\/www.egemtv.com\/index.php?rest_route=%2Fwp%2Fv2%2Ftags&post=47167"}],"curies":[{"name":"wp","href":"https:\/\/api.w.org\/{rel}","templated":true}]}}