{"id":47164,"date":"2025-08-06T13:15:06","date_gmt":"2025-08-06T10:15:06","guid":{"rendered":"https:\/\/www.egemtv.com\/?p=47164"},"modified":"2025-08-06T13:15:07","modified_gmt":"2025-08-06T10:15:07","slug":"baskan-cercioglundan-su-tasarrufu-cagrisi-barajlardaki-su-seviyesi-kritik-seviyede","status":"publish","type":"post","link":"https:\/\/www.egemtv.com\/?p=47164","title":{"rendered":"Ba\u015fkan \u00c7er\u00e7io\u011flu\u2019ndan su tasarrufu \u00e7a\u011fr\u0131s\u0131: &#8220;Barajlardaki su seviyesi kritik seviyede&#8221;"},"content":{"rendered":"<p>Ayd\u0131n B\u00fcy\u00fck\u015fehir Belediye Ba\u015fkan\u0131 \u00d6zlem \u00c7er\u00e7io\u011flu, barajlardaki doluluk oranlar\u0131na dikkat \u00e7ekerek suyun tasarruflu kullan\u0131lmas\u0131 \u00e7a\u011fr\u0131s\u0131nda bulundu.<\/p>\n<p>Artan kurakl\u0131k sebebiyle barajlardaki su doluluk oranlar\u0131 da kritik seviyelere gelirken, Ayd\u0131n B\u00fcy\u00fck\u015fehir Belediye Ba\u015fkan\u0131 \u00d6zlem \u00c7er\u00e7io\u011flu, suyun \u00f6nemine dikkat \u00e7ekerek vatanda\u015flara su tasarrufu \u00e7a\u011fr\u0131s\u0131nda bulundu. Su kaynaklar\u0131n\u0131n kritik seviyelere ula\u015ft\u0131\u011f\u0131n\u0131 vurgulayan Ba\u015fkan \u00c7er\u00e7io\u011flu, yapt\u0131\u011f\u0131 payla\u015f\u0131mda &#8220;Mevsimsel kurakl\u0131k ve artan su t\u00fcketimi nedeniyle barajlar\u0131m\u0131zdaki su seviyesi ciddi oranda azalarak, kritik seviyelere d\u00fc\u015fm\u00fc\u015ft\u00fcr. L\u00fctfen su kullan\u0131m\u0131nda tasarruflu olal\u0131m. Gelece\u011fimiz i\u00e7in bug\u00fcnden \u00f6nlem alal\u0131m, suyu bo\u015fa harcamayal\u0131m&#8221; ifadelerine yer verdi.<\/p>\n<p>Kurakl\u0131kla birlikte bilin\u00e7siz su t\u00fcketiminin, \u00f6zellikle tar\u0131msal \u00fcretim ve i\u00e7me suyu a\u00e7\u0131s\u0131ndan b\u00fcy\u00fck risk olu\u015fturdu\u011funu belirten \u00c7er\u00e7io\u011flu, herkesin bireysel olarak alaca\u011f\u0131 k\u00fc\u00e7\u00fck \u00f6nlemlerin b\u00fcy\u00fck fark olu\u015fturabilece\u011fini dile getirdi.<br \/><\/p>\n","protected":false},"excerpt":{"rendered":"<p>Ayd\u0131n B\u00fcy\u00fck\u015fehir Belediye Ba\u015fkan\u0131 \u00d6zlem \u00c7er\u00e7io\u011flu, barajlardaki doluluk oranlar\u0131na dikkat \u00e7ekerek suyun tasarruflu kullan\u0131lmas\u0131 \u00e7a\u011fr\u0131s\u0131nda bulundu. Artan kurakl\u0131k sebebiyle barajlardaki su doluluk oranlar\u0131 da kritik seviyelere gelirken, Ayd\u0131n B\u00fcy\u00fck\u015fehir Belediye Ba\u015fkan\u0131 \u00d6zlem \u00c7er\u00e7io\u011flu, suyun \u00f6nemine dikkat \u00e7ekerek vatanda\u015flara su tasarrufu \u00e7a\u011fr\u0131s\u0131nda bulundu. Su kaynaklar\u0131n\u0131n kritik seviyelere ula\u015ft\u0131\u011f\u0131n\u0131 vurgulayan Ba\u015fkan \u00c7er\u00e7io\u011flu, yapt\u0131\u011f\u0131 payla\u015f\u0131mda &#8220;Mevsimsel kurakl\u0131k ve&#8230;<\/p>\n","protected":false},"author":1,"featured_media":47165,"comment_status":"open","ping_status":"open","sticky":false,"template":"","format":"standard","meta":{"_crdt_document":"","footnotes":""},"categories":[1],"tags":[],"class_list":["post-47164","post","type-post","status-publish","format-standard","has-post-thumbnail","hentry","category-guncel"],"_links":{"self":[{"href":"https:\/\/www.egemtv.com\/index.php?rest_route=\/wp\/v2\/posts\/47164","targetHints":{"allow":["GET"]}}],"collection":[{"href":"https:\/\/www.egemtv.com\/index.php?rest_route=\/wp\/v2\/posts"}],"about":[{"href":"https:\/\/www.egemtv.com\/index.php?rest_route=\/wp\/v2\/types\/post"}],"author":[{"embeddable":true,"href":"https:\/\/www.egemtv.com\/index.php?rest_route=\/wp\/v2\/users\/1"}],"replies":[{"embeddable":true,"href":"https:\/\/www.egemtv.com\/index.php?rest_route=%2Fwp%2Fv2%2Fcomments&post=47164"}],"version-history":[{"count":1,"href":"https:\/\/www.egemtv.com\/index.php?rest_route=\/wp\/v2\/posts\/47164\/revisions"}],"predecessor-version":[{"id":47166,"href":"https:\/\/www.egemtv.com\/index.php?rest_route=\/wp\/v2\/posts\/47164\/revisions\/47166"}],"wp:featuredmedia":[{"embeddable":true,"href":"https:\/\/www.egemtv.com\/index.php?rest_route=\/wp\/v2\/media\/47165"}],"wp:attachment":[{"href":"https:\/\/www.egemtv.com\/index.php?rest_route=%2Fwp%2Fv2%2Fmedia&parent=47164"}],"wp:term":[{"taxonomy":"category","embeddable":true,"href":"https:\/\/www.egemtv.com\/index.php?rest_route=%2Fwp%2Fv2%2Fcategories&post=47164"},{"taxonomy":"post_tag","embeddable":true,"href":"https:\/\/www.egemtv.com\/index.php?rest_route=%2Fwp%2Fv2%2Ftags&post=47164"}],"curies":[{"name":"wp","href":"https:\/\/api.w.org\/{rel}","templated":true}]}}