{"id":47161,"date":"2025-08-06T13:15:05","date_gmt":"2025-08-06T10:15:05","guid":{"rendered":"https:\/\/www.egemtv.com\/?p=47161"},"modified":"2025-08-06T13:15:06","modified_gmt":"2025-08-06T10:15:06","slug":"aydinda-evde-saglik-hizmetleri-il-degerlendirme-komisyonu-toplandi","status":"publish","type":"post","link":"https:\/\/www.egemtv.com\/?p=47161","title":{"rendered":"Ayd\u0131n\u2019da Evde Sa\u011fl\u0131k Hizmetleri \u0130l De\u011ferlendirme Komisyonu topland\u0131"},"content":{"rendered":"<p>Ayd\u0131n\u2019da 2025 y\u0131l\u0131 Evde Sa\u011fl\u0131k Hizmetleri \u0130l De\u011ferlendirme Komisyonu Toplant\u0131s\u0131, Vali Yard\u0131mc\u0131s\u0131 Kamuran Mustafa Ball\u0131 ba\u015fkanl\u0131\u011f\u0131nda ger\u00e7ekle\u015ftirildi. Toplant\u0131da, evde sa\u011fl\u0131k hizmetlerinin mevcut durumu ele al\u0131n\u0131rken, etkinli\u011fin art\u0131r\u0131lmas\u0131 ve kurumlar aras\u0131 i\u015f birli\u011finin g\u00fc\u00e7lendirilmesi y\u00f6n\u00fcnde kararlar al\u0131nd\u0131.<\/p>\n<p>Ayd\u0131n \u0130l Sa\u011fl\u0131k M\u00fcd\u00fcrl\u00fc\u011f\u00fc Toplant\u0131 Salonu\u2019nda d\u00fczenlenen toplant\u0131ya, ilgili sa\u011fl\u0131k birimlerinin temsilcileri, kamu hastaneleri y\u00f6neticileri ve evde sa\u011fl\u0131k hizmetlerinden sorumlu personel kat\u0131ld\u0131. Toplant\u0131da, Ayd\u0131n \u0130l Sa\u011fl\u0131k M\u00fcd\u00fcrl\u00fc\u011f\u00fc Kamu Hastaneleri Hizmetleri Ba\u015fkanl\u0131\u011f\u0131 Evde Sa\u011fl\u0131k Hizmetleri \u0130l Koordinat\u00f6rl\u00fc\u011f\u00fc taraf\u0131ndan 2025 y\u0131l\u0131n\u0131n ilk 6 ay\u0131nda il genelinde y\u00fcr\u00fct\u00fclen evde sa\u011fl\u0131k hizmetlerine ili\u015fkin kapsaml\u0131 bir sunum yap\u0131ld\u0131. Sunumda hasta say\u0131lar\u0131, ziyaret s\u0131kl\u0131klar\u0131, ekip yap\u0131lar\u0131 ve hizmetin yayg\u0131nl\u0131\u011f\u0131na dair veriler payla\u015f\u0131ld\u0131. Ger\u00e7ekle\u015ftirilen sunumunun ard\u0131ndan yap\u0131lan de\u011ferlendirme ve g\u00f6r\u00fc\u015fmelerde; evde sa\u011fl\u0131k hizmetlerinin etkinli\u011finin art\u0131r\u0131lmas\u0131, kurumlar aras\u0131 i\u015f birli\u011fi ve ileti\u015fimin g\u00fc\u00e7lendirilerek s\u00fcrd\u00fcr\u00fclmesi konular\u0131nda kararlar al\u0131nd\u0131.<br \/><\/p>\n","protected":false},"excerpt":{"rendered":"<p>Ayd\u0131n\u2019da 2025 y\u0131l\u0131 Evde Sa\u011fl\u0131k Hizmetleri \u0130l De\u011ferlendirme Komisyonu Toplant\u0131s\u0131, Vali Yard\u0131mc\u0131s\u0131 Kamuran Mustafa Ball\u0131 ba\u015fkanl\u0131\u011f\u0131nda ger\u00e7ekle\u015ftirildi. Toplant\u0131da, evde sa\u011fl\u0131k hizmetlerinin mevcut durumu ele al\u0131n\u0131rken, etkinli\u011fin art\u0131r\u0131lmas\u0131 ve kurumlar aras\u0131 i\u015f birli\u011finin g\u00fc\u00e7lendirilmesi y\u00f6n\u00fcnde kararlar al\u0131nd\u0131. Ayd\u0131n \u0130l Sa\u011fl\u0131k M\u00fcd\u00fcrl\u00fc\u011f\u00fc Toplant\u0131 Salonu\u2019nda d\u00fczenlenen toplant\u0131ya, ilgili sa\u011fl\u0131k birimlerinin temsilcileri, kamu hastaneleri y\u00f6neticileri ve evde sa\u011fl\u0131k hizmetlerinden&#8230;<\/p>\n","protected":false},"author":1,"featured_media":47162,"comment_status":"open","ping_status":"open","sticky":false,"template":"","format":"standard","meta":{"_crdt_document":"","footnotes":""},"categories":[1],"tags":[],"class_list":["post-47161","post","type-post","status-publish","format-standard","has-post-thumbnail","hentry","category-guncel"],"_links":{"self":[{"href":"https:\/\/www.egemtv.com\/index.php?rest_route=\/wp\/v2\/posts\/47161","targetHints":{"allow":["GET"]}}],"collection":[{"href":"https:\/\/www.egemtv.com\/index.php?rest_route=\/wp\/v2\/posts"}],"about":[{"href":"https:\/\/www.egemtv.com\/index.php?rest_route=\/wp\/v2\/types\/post"}],"author":[{"embeddable":true,"href":"https:\/\/www.egemtv.com\/index.php?rest_route=\/wp\/v2\/users\/1"}],"replies":[{"embeddable":true,"href":"https:\/\/www.egemtv.com\/index.php?rest_route=%2Fwp%2Fv2%2Fcomments&post=47161"}],"version-history":[{"count":1,"href":"https:\/\/www.egemtv.com\/index.php?rest_route=\/wp\/v2\/posts\/47161\/revisions"}],"predecessor-version":[{"id":47163,"href":"https:\/\/www.egemtv.com\/index.php?rest_route=\/wp\/v2\/posts\/47161\/revisions\/47163"}],"wp:featuredmedia":[{"embeddable":true,"href":"https:\/\/www.egemtv.com\/index.php?rest_route=\/wp\/v2\/media\/47162"}],"wp:attachment":[{"href":"https:\/\/www.egemtv.com\/index.php?rest_route=%2Fwp%2Fv2%2Fmedia&parent=47161"}],"wp:term":[{"taxonomy":"category","embeddable":true,"href":"https:\/\/www.egemtv.com\/index.php?rest_route=%2Fwp%2Fv2%2Fcategories&post=47161"},{"taxonomy":"post_tag","embeddable":true,"href":"https:\/\/www.egemtv.com\/index.php?rest_route=%2Fwp%2Fv2%2Ftags&post=47161"}],"curies":[{"name":"wp","href":"https:\/\/api.w.org\/{rel}","templated":true}]}}