{"id":47152,"date":"2025-08-06T12:55:54","date_gmt":"2025-08-06T09:55:54","guid":{"rendered":"https:\/\/www.egemtv.com\/?p=47152"},"modified":"2025-08-06T12:55:55","modified_gmt":"2025-08-06T09:55:55","slug":"chp-kula-teskilatinda-kriz","status":"publish","type":"post","link":"https:\/\/www.egemtv.com\/?p=47152","title":{"rendered":"CHP Kula Te\u015fkilat\u0131\u2019nda kriz"},"content":{"rendered":"<p>Manisa\u2019n\u0131n Kula il\u00e7esinde Cumhuriyet Halk Partisi\u2019nden belediye meclis \u00fcyesi Murat Kaynak\u2019\u0131n sosyal medya hesab\u0131 \u00fczerinden CHP\u2019li Belediye Ba\u015fkan\u0131 Hikmet D\u00f6nmez\u2019i sert bir dille hedef almas\u0131 parti i\u00e7i huzursuzlu\u011fa neden oldu.<br \/>\n<br \/>Kaynak, yapt\u0131\u011f\u0131 payla\u015f\u0131mda, &#8220;Kula Belediye Ba\u015fkan\u0131 Hikmet D\u00f6nmez, Kula Belediye Meclis \u00dcyelerini hi\u00e7e saym\u0131\u015ft\u0131r. Biz de bundan sonra Hikmet D\u00f6nmez\u2019i hi\u00e7e say\u0131yoruz&#8221; ifadelerini kullanarak, parti i\u00e7indeki huzursuzlu\u011fu sosyal medyaya ta\u015f\u0131d\u0131.<br \/>\n<br \/>\u00d6te yandan, kendi partisinin meclis \u00fcyesi taraf\u0131ndan hedef al\u0131nan CHP\u2019li Kula Belediye Ba\u015fkan\u0131 Hikmet D\u00f6nmez\u2019in ya\u015fanan geli\u015fmelere kar\u015f\u0131 herhangi bir a\u00e7\u0131klamada bulunmamas\u0131 dikkat \u00e7ekti.<br \/><\/p>\n","protected":false},"excerpt":{"rendered":"<p>Manisa\u2019n\u0131n Kula il\u00e7esinde Cumhuriyet Halk Partisi\u2019nden belediye meclis \u00fcyesi Murat Kaynak\u2019\u0131n sosyal medya hesab\u0131 \u00fczerinden CHP\u2019li Belediye Ba\u015fkan\u0131 Hikmet D\u00f6nmez\u2019i sert bir dille hedef almas\u0131 parti i\u00e7i huzursuzlu\u011fa neden oldu. Kaynak, yapt\u0131\u011f\u0131 payla\u015f\u0131mda, &#8220;Kula Belediye Ba\u015fkan\u0131 Hikmet D\u00f6nmez, Kula Belediye Meclis \u00dcyelerini hi\u00e7e saym\u0131\u015ft\u0131r. Biz de bundan sonra Hikmet D\u00f6nmez\u2019i hi\u00e7e say\u0131yoruz&#8221; ifadelerini kullanarak, parti&#8230;<\/p>\n","protected":false},"author":1,"featured_media":47153,"comment_status":"open","ping_status":"open","sticky":false,"template":"","format":"standard","meta":{"_crdt_document":"","footnotes":""},"categories":[127],"tags":[],"class_list":["post-47152","post","type-post","status-publish","format-standard","has-post-thumbnail","hentry","category-siyaset"],"_links":{"self":[{"href":"https:\/\/www.egemtv.com\/index.php?rest_route=\/wp\/v2\/posts\/47152","targetHints":{"allow":["GET"]}}],"collection":[{"href":"https:\/\/www.egemtv.com\/index.php?rest_route=\/wp\/v2\/posts"}],"about":[{"href":"https:\/\/www.egemtv.com\/index.php?rest_route=\/wp\/v2\/types\/post"}],"author":[{"embeddable":true,"href":"https:\/\/www.egemtv.com\/index.php?rest_route=\/wp\/v2\/users\/1"}],"replies":[{"embeddable":true,"href":"https:\/\/www.egemtv.com\/index.php?rest_route=%2Fwp%2Fv2%2Fcomments&post=47152"}],"version-history":[{"count":1,"href":"https:\/\/www.egemtv.com\/index.php?rest_route=\/wp\/v2\/posts\/47152\/revisions"}],"predecessor-version":[{"id":47154,"href":"https:\/\/www.egemtv.com\/index.php?rest_route=\/wp\/v2\/posts\/47152\/revisions\/47154"}],"wp:featuredmedia":[{"embeddable":true,"href":"https:\/\/www.egemtv.com\/index.php?rest_route=\/wp\/v2\/media\/47153"}],"wp:attachment":[{"href":"https:\/\/www.egemtv.com\/index.php?rest_route=%2Fwp%2Fv2%2Fmedia&parent=47152"}],"wp:term":[{"taxonomy":"category","embeddable":true,"href":"https:\/\/www.egemtv.com\/index.php?rest_route=%2Fwp%2Fv2%2Fcategories&post=47152"},{"taxonomy":"post_tag","embeddable":true,"href":"https:\/\/www.egemtv.com\/index.php?rest_route=%2Fwp%2Fv2%2Ftags&post=47152"}],"curies":[{"name":"wp","href":"https:\/\/api.w.org\/{rel}","templated":true}]}}