{"id":47146,"date":"2025-08-06T12:55:51","date_gmt":"2025-08-06T09:55:51","guid":{"rendered":"https:\/\/www.egemtv.com\/?p=47146"},"modified":"2025-08-06T12:55:53","modified_gmt":"2025-08-06T09:55:53","slug":"baskan-pehlivan-menemenin-essiz-dogasina-cop-dokturmeyecegiz","status":"publish","type":"post","link":"https:\/\/www.egemtv.com\/?p=47146","title":{"rendered":"Ba\u015fkan Pehlivan: &#8220;Menemen\u2019in e\u015fsiz do\u011fas\u0131na \u00e7\u00f6p d\u00f6kt\u00fcrmeyece\u011fiz&#8221;"},"content":{"rendered":"<p>Menemen Belediye Ba\u015fkan\u0131 Ayd\u0131n Pehlivan, \u0130zmir B\u00fcy\u00fck\u015fehir Belediye Ba\u015fkan\u0131 Cemil Tugay\u2019\u0131n, Menemen \u00c7alt\u0131\u2019ya \u00e7\u00f6p bertaraf tesisi kurma projesine tepki g\u00f6sterdi. Ba\u015fkan Pehlivan, &#8220;Bu giri\u015fim Menemenlilerin sand\u0131k iradesine kesilmeye \u00e7al\u0131\u015f\u0131lan bir fatura ve verilmeye \u00e7al\u0131\u015f\u0131lan cezad\u0131r. \u0130l\u00e7emizin ekosistemine geri d\u00f6n\u00fclmez zararlar verecek, su kaynaklar\u0131n\u0131 kirletebilecek bu tesise kar\u015f\u0131y\u0131z. Menemen\u2019in yemye\u015fil do\u011fas\u0131na \u00e7\u00f6p d\u00f6k\u00fclmesine izin vermeyece\u011fiz.&#8221; dedi.<br \/>\n<br \/>\u0130zmir B\u00fcy\u00fck\u015fehir Belediye Ba\u015fkan\u0131 Cemil Tugay\u2019\u0131n Menemen \u00c7alt\u0131\u2019da \u00e7\u00f6p bertaraf tesisi kurma a\u00e7\u0131klamas\u0131na Menemen Belediye Ba\u015fkan\u0131 Ayd\u0131n Pehlivan tepki g\u00f6sterdi. Ba\u015fkan Pehlivan, &#8220;Bu giri\u015fim, Menemen halk\u0131 ve \u00e7evresi i\u00e7in yaln\u0131zca \u00e7evresel bir tehdit de\u011fil, ayn\u0131 zamanda sa\u011fl\u0131k, tar\u0131m ve gelece\u011fimiz a\u00e7\u0131s\u0131ndan ciddi bir tehlike olu\u015fturmaktad\u0131r. Bu durumu kabul etmek ve g\u00f6z yummak, il\u00e7emizin de\u011ferlerini, sa\u011fl\u0131\u011f\u0131n\u0131 ve do\u011fal zenginliklerini hi\u00e7e saymak olacakt\u0131r. Menemen\u2019in \u00e7\u00f6pe de\u011fil, suya ihtiyac\u0131 var. Bizler bunun i\u00e7in gece g\u00fcnd\u00fcz demeden t\u00fcm riskleri alarak, t\u00fcm ele\u015ftirileri g\u00f6\u011f\u00fcsleyerek \u00e7al\u0131\u015f\u0131yoruz. Ayr\u0131ca bunca orman yang\u0131n\u0131n\u0131n aras\u0131nda, ye\u015fil bir b\u00f6lgeyi \u00e7\u00f6pe terk etmek de yeni bir orman yang\u0131n\u0131 \u00e7\u0131karmaktan farks\u0131zd\u0131r.&#8221; dedi.<\/p>\n<p>&#8220;Menemen\u2019i \u00e7\u00f6ple cezaland\u0131rmaya \u00e7al\u0131\u015f\u0131yorlar&#8221;<br \/>\n<br \/>\u0130zmir\u2019in 30 il\u00e7esi i\u00e7inde \u00e7\u00f6p tesisine adres olarak Menemen\u2019in g\u00f6sterilmesinin, maksatl\u0131 ve siyasi oldu\u011funu dile getiren Pehlivan, &#8220;Yerel se\u00e7imlerin \u00fcst\u00fcnden bir y\u0131l ge\u00e7se de, hen\u00fcz hazmedilemedi\u011fini g\u00f6rmek, siyasi etikle ba\u011fda\u015fmayan bir r\u00f6van\u015f anlay\u0131\u015f\u0131yla kar\u015f\u0131 kar\u015f\u0131ya kalmak, do\u011frudan do\u011fruya Menemen halk\u0131n\u0131 ve halk\u0131n iradesini hedef almakt\u0131r. Menemen\u2019i sand\u0131kla kazanamay\u0131nca \u00e7\u00f6ple cezaland\u0131rmaya \u00e7al\u0131\u015f\u0131yorlar. Yakla\u015f\u0131k bin y\u0131ll\u0131k bir Menenge\u00e7 a\u011fac\u0131n\u0131n oldu\u011fu, do\u011fal ya\u015fam\u0131n s\u00fcrd\u00fc\u011f\u00fc bir b\u00f6lgeye \u00e7\u00f6p tesisi kurma \u00e7al\u0131\u015fmas\u0131n\u0131n hi\u00e7bir mant\u0131\u011f\u0131 ve izah\u0131 yoktur. Bunun tek ad\u0131 r\u00f6van\u015f alma \u00e7abas\u0131d\u0131r.&#8221; dedi.<\/p>\n<p>&#8220;Tar\u0131m\u0131n kalbine han\u00e7er saplayacaklar&#8221;<br \/>\n<br \/>Menemen\u2019in tar\u0131msal \u00fcretimdeki \u00f6nemine dikkat \u00e7eken Pehlivan, a\u00e7\u0131klamas\u0131na \u015f\u00f6yle devam etti; &#8220;Menemen, \u0130zmir\u2019in en \u00f6nemli tar\u0131msal \u00fcretim merkezleri aras\u0131nda yer alan bir il\u00e7edir. Zeytinden \u0131spana\u011fa, ay\u00e7i\u00e7e\u011finden pamu\u011fa, bu\u011fdaydan incire \u00e7ok geni\u015f bir \u00fcr\u00fcn a\u011f\u0131 olan, \u0130zmir\u2019de \u00fcretilen t\u00fcm \u00e7ile\u011fin yakla\u015f\u0131k y\u00fczde 60\u2019\u0131n\u0131n \u00fcretildi\u011fi Menemen\u2019e \u00e7\u00f6p tesisi kurmak, tar\u0131m\u0131n kalbine han\u00e7er saplamakt\u0131r. \u00c7\u00f6p tesisinden topra\u011fa kar\u0131\u015facak at\u0131k sular ve maddeler, \u00f6nce yeralt\u0131 sular\u0131n\u0131 ard\u0131ndan da tar\u0131m \u00fcr\u00fcnlerini ve son olarak insan sa\u011fl\u0131\u011f\u0131n\u0131 etkileyebilir. D\u00fcnya genelinde g\u0131dan\u0131n ve tar\u0131m\u0131n de\u011feri her ge\u00e7en g\u00fcn daha iyi anla\u015f\u0131l\u0131rken, topraklar\u0131ndan bereket f\u0131\u015fk\u0131ran Menemen\u2019i k\u00f6hnele\u015ftirecek, il\u00e7enin marka de\u011ferine, imaj\u0131na, ya\u015fam kalitesine olumsuz y\u00f6nde etkileyecek, kentimizin yar\u0131nlar\u0131na kal\u0131c\u0131 zararlar verecek her t\u00fcrl\u00fc giri\u015fimin kar\u015f\u0131s\u0131nday\u0131z. Menemen halk\u0131n\u0131n yan\u0131nda, G\u00fc\u00e7l\u00fc Menemen ailemizle birlikte bu yanl\u0131\u015f projeye kar\u015f\u0131 duracak ve il\u00e7emizi koruma kararl\u0131l\u0131\u011f\u0131m\u0131z\u0131 g\u00f6sterece\u011fi. E\u011fer ger\u00e7ekten b\u00f6yle bir projeye ihtiya\u00e7 varsa, Menemen\u2019in do\u011fas\u0131na zarar vermek yerine, Manisa ve Menemen s\u0131n\u0131rlar\u0131nda halihaz\u0131rda var olan \u00e7\u00f6p bertaraf tesisine gerekli yat\u0131r\u0131mlar\u0131 yaparak bu sorunu k\u00f6kten \u00e7\u00f6zebilirsiniz.&#8221; dedi.<br \/><\/p>\n","protected":false},"excerpt":{"rendered":"<p>Menemen Belediye Ba\u015fkan\u0131 Ayd\u0131n Pehlivan, \u0130zmir B\u00fcy\u00fck\u015fehir Belediye Ba\u015fkan\u0131 Cemil Tugay\u2019\u0131n, Menemen \u00c7alt\u0131\u2019ya \u00e7\u00f6p bertaraf tesisi kurma projesine tepki g\u00f6sterdi. Ba\u015fkan Pehlivan, &#8220;Bu giri\u015fim Menemenlilerin sand\u0131k iradesine kesilmeye \u00e7al\u0131\u015f\u0131lan bir fatura ve verilmeye \u00e7al\u0131\u015f\u0131lan cezad\u0131r. \u0130l\u00e7emizin ekosistemine geri d\u00f6n\u00fclmez zararlar verecek, su kaynaklar\u0131n\u0131 kirletebilecek bu tesise kar\u015f\u0131y\u0131z. Menemen\u2019in yemye\u015fil do\u011fas\u0131na \u00e7\u00f6p d\u00f6k\u00fclmesine izin vermeyece\u011fiz.&#8221; dedi&#8230;.<\/p>\n","protected":false},"author":1,"featured_media":47147,"comment_status":"open","ping_status":"open","sticky":false,"template":"","format":"standard","meta":{"_crdt_document":"","footnotes":""},"categories":[1],"tags":[],"class_list":["post-47146","post","type-post","status-publish","format-standard","has-post-thumbnail","hentry","category-guncel"],"_links":{"self":[{"href":"https:\/\/www.egemtv.com\/index.php?rest_route=\/wp\/v2\/posts\/47146","targetHints":{"allow":["GET"]}}],"collection":[{"href":"https:\/\/www.egemtv.com\/index.php?rest_route=\/wp\/v2\/posts"}],"about":[{"href":"https:\/\/www.egemtv.com\/index.php?rest_route=\/wp\/v2\/types\/post"}],"author":[{"embeddable":true,"href":"https:\/\/www.egemtv.com\/index.php?rest_route=\/wp\/v2\/users\/1"}],"replies":[{"embeddable":true,"href":"https:\/\/www.egemtv.com\/index.php?rest_route=%2Fwp%2Fv2%2Fcomments&post=47146"}],"version-history":[{"count":1,"href":"https:\/\/www.egemtv.com\/index.php?rest_route=\/wp\/v2\/posts\/47146\/revisions"}],"predecessor-version":[{"id":47148,"href":"https:\/\/www.egemtv.com\/index.php?rest_route=\/wp\/v2\/posts\/47146\/revisions\/47148"}],"wp:featuredmedia":[{"embeddable":true,"href":"https:\/\/www.egemtv.com\/index.php?rest_route=\/wp\/v2\/media\/47147"}],"wp:attachment":[{"href":"https:\/\/www.egemtv.com\/index.php?rest_route=%2Fwp%2Fv2%2Fmedia&parent=47146"}],"wp:term":[{"taxonomy":"category","embeddable":true,"href":"https:\/\/www.egemtv.com\/index.php?rest_route=%2Fwp%2Fv2%2Fcategories&post=47146"},{"taxonomy":"post_tag","embeddable":true,"href":"https:\/\/www.egemtv.com\/index.php?rest_route=%2Fwp%2Fv2%2Ftags&post=47146"}],"curies":[{"name":"wp","href":"https:\/\/api.w.org\/{rel}","templated":true}]}}