{"id":47026,"date":"2025-08-06T09:34:53","date_gmt":"2025-08-06T06:34:53","guid":{"rendered":"https:\/\/www.egemtv.com\/?p=47026"},"modified":"2025-08-06T09:34:54","modified_gmt":"2025-08-06T06:34:54","slug":"izmirde-11-yil-hapisle-aranan-sahis-yakalandi","status":"publish","type":"post","link":"https:\/\/www.egemtv.com\/?p=47026","title":{"rendered":"\u0130zmir\u2019de 11 y\u0131l hapisle aranan \u015fah\u0131s yakaland\u0131"},"content":{"rendered":"<p>\u0130zmir\u2019in Gaziemir il\u00e7esinde, hakk\u0131nda 11 y\u0131l kesinle\u015fmi\u015f hapis cezas\u0131 bulunan \u015fah\u0131s, polis ekiplerince yakalan\u0131p cezaevine g\u00f6nderildi.<br \/>\n<br \/>Edinilen bilgiye g\u00f6re, Asayi\u015f \u015eube M\u00fcd\u00fcrl\u00fc\u011f\u00fc ekiplerince aranan \u015fah\u0131slar\u0131n yakalanmas\u0131na y\u00f6nelik  Gaziemir il\u00e7esinde uygulama ger\u00e7ekle\u015ftirildi. \u00c7al\u0131\u015fmalarda &#8220;Birden fazla ki\u015fi taraf\u0131ndan silahl\u0131 ya\u011fma su\u00e7undan&#8221; 11 y\u0131l 3 ay kesinle\u015fmi\u015f hapis cezas\u0131yla aranan V.K., polis ekiplerince yakalan\u0131p g\u00f6zalt\u0131na al\u0131nd\u0131. Emniyetteki i\u015flemleri ard\u0131ndan adli mercilere sevk edilen V.K., tutuklanarak cezaevine g\u00f6nderildi.<br \/><\/p>\n","protected":false},"excerpt":{"rendered":"<p>\u0130zmir\u2019in Gaziemir il\u00e7esinde, hakk\u0131nda 11 y\u0131l kesinle\u015fmi\u015f hapis cezas\u0131 bulunan \u015fah\u0131s, polis ekiplerince yakalan\u0131p cezaevine g\u00f6nderildi. Edinilen bilgiye g\u00f6re, Asayi\u015f \u015eube M\u00fcd\u00fcrl\u00fc\u011f\u00fc ekiplerince aranan \u015fah\u0131slar\u0131n yakalanmas\u0131na y\u00f6nelik Gaziemir il\u00e7esinde uygulama ger\u00e7ekle\u015ftirildi. \u00c7al\u0131\u015fmalarda &#8220;Birden fazla ki\u015fi taraf\u0131ndan silahl\u0131 ya\u011fma su\u00e7undan&#8221; 11 y\u0131l 3 ay kesinle\u015fmi\u015f hapis cezas\u0131yla aranan V.K., polis ekiplerince yakalan\u0131p g\u00f6zalt\u0131na al\u0131nd\u0131. Emniyetteki i\u015flemleri&#8230;<\/p>\n","protected":false},"author":1,"featured_media":47027,"comment_status":"open","ping_status":"open","sticky":false,"template":"","format":"standard","meta":{"_crdt_document":"","footnotes":""},"categories":[5],"tags":[],"class_list":["post-47026","post","type-post","status-publish","format-standard","has-post-thumbnail","hentry","category-asayis"],"_links":{"self":[{"href":"https:\/\/www.egemtv.com\/index.php?rest_route=\/wp\/v2\/posts\/47026","targetHints":{"allow":["GET"]}}],"collection":[{"href":"https:\/\/www.egemtv.com\/index.php?rest_route=\/wp\/v2\/posts"}],"about":[{"href":"https:\/\/www.egemtv.com\/index.php?rest_route=\/wp\/v2\/types\/post"}],"author":[{"embeddable":true,"href":"https:\/\/www.egemtv.com\/index.php?rest_route=\/wp\/v2\/users\/1"}],"replies":[{"embeddable":true,"href":"https:\/\/www.egemtv.com\/index.php?rest_route=%2Fwp%2Fv2%2Fcomments&post=47026"}],"version-history":[{"count":1,"href":"https:\/\/www.egemtv.com\/index.php?rest_route=\/wp\/v2\/posts\/47026\/revisions"}],"predecessor-version":[{"id":47028,"href":"https:\/\/www.egemtv.com\/index.php?rest_route=\/wp\/v2\/posts\/47026\/revisions\/47028"}],"wp:featuredmedia":[{"embeddable":true,"href":"https:\/\/www.egemtv.com\/index.php?rest_route=\/wp\/v2\/media\/47027"}],"wp:attachment":[{"href":"https:\/\/www.egemtv.com\/index.php?rest_route=%2Fwp%2Fv2%2Fmedia&parent=47026"}],"wp:term":[{"taxonomy":"category","embeddable":true,"href":"https:\/\/www.egemtv.com\/index.php?rest_route=%2Fwp%2Fv2%2Fcategories&post=47026"},{"taxonomy":"post_tag","embeddable":true,"href":"https:\/\/www.egemtv.com\/index.php?rest_route=%2Fwp%2Fv2%2Ftags&post=47026"}],"curies":[{"name":"wp","href":"https:\/\/api.w.org\/{rel}","templated":true}]}}