{"id":47023,"date":"2025-08-06T09:14:54","date_gmt":"2025-08-06T06:14:54","guid":{"rendered":"https:\/\/www.egemtv.com\/?p=47023"},"modified":"2025-08-06T09:14:55","modified_gmt":"2025-08-06T06:14:55","slug":"baskan-cercioglundan-germencike-23-milyonluk-yatirim","status":"publish","type":"post","link":"https:\/\/www.egemtv.com\/?p=47023","title":{"rendered":"Ba\u015fkan \u00c7er\u00e7io\u011flu\u2019ndan Germencik\u2019e 23 milyonluk yat\u0131r\u0131m"},"content":{"rendered":"<p>Ayd\u0131n B\u00fcy\u00fck\u015fehir Belediyesi Su ve Kanalizasyon \u0130daresi Genel M\u00fcd\u00fcrl\u00fc\u011f\u00fc taraf\u0131ndan Ayd\u0131n B\u00fcy\u00fck\u015fehir Belediye Ba\u015fkan\u0131 \u00d6zlem \u00c7er\u00e7io\u011flu\u2019nun \u00f6nc\u00fcl\u00fc\u011f\u00fcnde kentin d\u00f6rt bir yan\u0131nda hayata ge\u00e7irilen \u00e7al\u0131\u015fmalar devam ediyor.<br \/>\n<br \/>ASK\u0130 taraf\u0131ndan Germencik il\u00e7esi Turhanlar Mahallesi\u2019nde ba\u015flat\u0131lan \u00e7al\u0131\u015fmalar s\u00fcr\u00fcyor. 3 bin 205 metre uzunlu\u011funda ya\u011fmur suyu hatt\u0131 ile 67 adet baca eleman\u0131n\u0131n yap\u0131m\u0131n\u0131 kapsayan, 22 milyon 800 bin TL maliyetli \u00e7al\u0131\u015fma k\u0131sa s\u00fcre i\u00e7erisinde tamamlanarak Germencik\u2019e kazand\u0131r\u0131lacak. \u00c7al\u0131\u015fmalar\u0131n tamamlanmas\u0131 ile birlikte Turhanlar ve Ortaklar Mahalleleri\u2019nde ya\u011fmur suyu birikimi ya\u015fanmayacak, kazanan Germencikliler olacak.<br \/>\n<br \/>Ba\u015fkan \u00c7er\u00e7io\u011flu: &#8220;T\u00fcm il\u00e7elerimizde \u00e7al\u0131\u015fmalar\u0131m\u0131z devam edecek&#8221;<br \/>\n<br \/>Ayd\u0131n\u2019\u0131n t\u00fcm il\u00e7elerinde \u00e7al\u0131\u015fmalar\u0131n devam edece\u011fini belirten Ayd\u0131n B\u00fcy\u00fck\u015fehir Belediye Ba\u015fkan\u0131 \u00d6zlem \u00c7er\u00e7io\u011flu, &#8220;Ayd\u0131n genelinde altyap\u0131 yat\u0131r\u0131mlar\u0131m\u0131za aral\u0131ks\u0131z devam ediyoruz. Germencik il\u00e7esi Turhanlar ve Ortaklar mahallelerinde y\u00fcr\u00fct\u00fclen bu \u00e7al\u0131\u015fmayla hem b\u00f6lgenin altyap\u0131 kapasitesini art\u0131r\u0131yor hem de ya\u011f\u0131\u015fl\u0131 havalarda ya\u015fanan olumsuzluklar\u0131n \u00f6n\u00fcne ge\u00e7iyoruz. T\u00fcm il\u00e7elerimizde \u00e7al\u0131\u015fmalar\u0131m\u0131z devam edecek&#8221; ifadelerini kulland\u0131.<br \/><\/p>\n","protected":false},"excerpt":{"rendered":"<p>Ayd\u0131n B\u00fcy\u00fck\u015fehir Belediyesi Su ve Kanalizasyon \u0130daresi Genel M\u00fcd\u00fcrl\u00fc\u011f\u00fc taraf\u0131ndan Ayd\u0131n B\u00fcy\u00fck\u015fehir Belediye Ba\u015fkan\u0131 \u00d6zlem \u00c7er\u00e7io\u011flu\u2019nun \u00f6nc\u00fcl\u00fc\u011f\u00fcnde kentin d\u00f6rt bir yan\u0131nda hayata ge\u00e7irilen \u00e7al\u0131\u015fmalar devam ediyor. ASK\u0130 taraf\u0131ndan Germencik il\u00e7esi Turhanlar Mahallesi\u2019nde ba\u015flat\u0131lan \u00e7al\u0131\u015fmalar s\u00fcr\u00fcyor. 3 bin 205 metre uzunlu\u011funda ya\u011fmur suyu hatt\u0131 ile 67 adet baca eleman\u0131n\u0131n yap\u0131m\u0131n\u0131 kapsayan, 22 milyon 800 bin TL&#8230;<\/p>\n","protected":false},"author":1,"featured_media":47024,"comment_status":"open","ping_status":"open","sticky":false,"template":"","format":"standard","meta":{"_crdt_document":"","footnotes":""},"categories":[1],"tags":[],"class_list":["post-47023","post","type-post","status-publish","format-standard","has-post-thumbnail","hentry","category-guncel"],"_links":{"self":[{"href":"https:\/\/www.egemtv.com\/index.php?rest_route=\/wp\/v2\/posts\/47023","targetHints":{"allow":["GET"]}}],"collection":[{"href":"https:\/\/www.egemtv.com\/index.php?rest_route=\/wp\/v2\/posts"}],"about":[{"href":"https:\/\/www.egemtv.com\/index.php?rest_route=\/wp\/v2\/types\/post"}],"author":[{"embeddable":true,"href":"https:\/\/www.egemtv.com\/index.php?rest_route=\/wp\/v2\/users\/1"}],"replies":[{"embeddable":true,"href":"https:\/\/www.egemtv.com\/index.php?rest_route=%2Fwp%2Fv2%2Fcomments&post=47023"}],"version-history":[{"count":1,"href":"https:\/\/www.egemtv.com\/index.php?rest_route=\/wp\/v2\/posts\/47023\/revisions"}],"predecessor-version":[{"id":47025,"href":"https:\/\/www.egemtv.com\/index.php?rest_route=\/wp\/v2\/posts\/47023\/revisions\/47025"}],"wp:featuredmedia":[{"embeddable":true,"href":"https:\/\/www.egemtv.com\/index.php?rest_route=\/wp\/v2\/media\/47024"}],"wp:attachment":[{"href":"https:\/\/www.egemtv.com\/index.php?rest_route=%2Fwp%2Fv2%2Fmedia&parent=47023"}],"wp:term":[{"taxonomy":"category","embeddable":true,"href":"https:\/\/www.egemtv.com\/index.php?rest_route=%2Fwp%2Fv2%2Fcategories&post=47023"},{"taxonomy":"post_tag","embeddable":true,"href":"https:\/\/www.egemtv.com\/index.php?rest_route=%2Fwp%2Fv2%2Ftags&post=47023"}],"curies":[{"name":"wp","href":"https:\/\/api.w.org\/{rel}","templated":true}]}}