{"id":47020,"date":"2025-08-06T09:14:53","date_gmt":"2025-08-06T06:14:53","guid":{"rendered":"https:\/\/www.egemtv.com\/?p=47020"},"modified":"2025-08-06T09:14:54","modified_gmt":"2025-08-06T06:14:54","slug":"aydinda-ogrenciler-afetlere-karsi-bilinclendiriliyor","status":"publish","type":"post","link":"https:\/\/www.egemtv.com\/?p=47020","title":{"rendered":"Ayd\u0131n\u2019da \u00f6\u011frenciler afetlere kar\u015f\u0131 bilin\u00e7lendiriliyor"},"content":{"rendered":"<p>AFAD Ayd\u0131n \u0130l M\u00fcd\u00fcrl\u00fc\u011f\u00fc, afet fark\u0131ndal\u0131k e\u011fitimiyle \u00f6\u011frencilere temel g\u00fcvenlik bilgileri kazand\u0131r\u0131l\u0131rken, \u0130ncirliova\u2019da Kur\u2019an kursu \u00f6\u011frencilerine verilen e\u011fitimle afet bilinci a\u015f\u0131land\u0131.<\/p>\n<p>Ayd\u0131n Afet ve Acil Durum (AFAD) \u0130l M\u00fcd\u00fcrl\u00fc\u011f\u00fc e\u011fitmenleri, \u0130ncirliova \u0130l\u00e7e M\u00fcft\u00fcl\u00fc\u011f\u00fcne ba\u011fl\u0131 Kur\u2019an kursunda \u00f6\u011frenim g\u00f6ren \u00f6\u011frencilere y\u00f6nelik afet fark\u0131ndal\u0131k e\u011fitimi ger\u00e7ekle\u015ftirdi. E\u011fitim kapsam\u0131nda \u00f6\u011frencilere, deprem, yang\u0131n, sel gibi afet durumlar\u0131nda nas\u0131l hareket edilmesi gerekti\u011fi, do\u011fru tahliye y\u00f6ntemleri ve temel afet bilinci konular\u0131nda bilgiler aktar\u0131ld\u0131. Tahliye tatbikat\u0131 ile \u00f6\u011frencilerin \u00f6\u011frendiklerini uygulamal\u0131 olarak peki\u015ftirmesi sa\u011fland\u0131.<\/p>\n<p>Konu ile ilgili AFAD Ayd\u0131n \u0130l M\u00fcd\u00fcrl\u00fc\u011f\u00fc\u2019nden yap\u0131lan a\u00e7\u0131klamada &#8220;E\u011fitmenlerimiz taraf\u0131ndan \u0130ncirliova \u0130l\u00e7e M\u00fcft\u00fcl\u00fc\u011f\u00fcne ba\u011fl\u0131 Kur\u2019an kursu \u00f6\u011frencilerine y\u00f6nelik afet fark\u0131ndal\u0131k e\u011fitimi ger\u00e7ekle\u015ftirildi. E\u011fitimin ard\u0131ndan uygulanan tahliye tatbikat\u0131 ile teorik bilgiler peki\u015ftirildi&#8221; ifadeleri yer ald\u0131.<br \/><\/p>\n","protected":false},"excerpt":{"rendered":"<p>AFAD Ayd\u0131n \u0130l M\u00fcd\u00fcrl\u00fc\u011f\u00fc, afet fark\u0131ndal\u0131k e\u011fitimiyle \u00f6\u011frencilere temel g\u00fcvenlik bilgileri kazand\u0131r\u0131l\u0131rken, \u0130ncirliova\u2019da Kur\u2019an kursu \u00f6\u011frencilerine verilen e\u011fitimle afet bilinci a\u015f\u0131land\u0131. Ayd\u0131n Afet ve Acil Durum (AFAD) \u0130l M\u00fcd\u00fcrl\u00fc\u011f\u00fc e\u011fitmenleri, \u0130ncirliova \u0130l\u00e7e M\u00fcft\u00fcl\u00fc\u011f\u00fcne ba\u011fl\u0131 Kur\u2019an kursunda \u00f6\u011frenim g\u00f6ren \u00f6\u011frencilere y\u00f6nelik afet fark\u0131ndal\u0131k e\u011fitimi ger\u00e7ekle\u015ftirdi. E\u011fitim kapsam\u0131nda \u00f6\u011frencilere, deprem, yang\u0131n, sel gibi afet durumlar\u0131nda nas\u0131l hareket&#8230;<\/p>\n","protected":false},"author":1,"featured_media":47021,"comment_status":"open","ping_status":"open","sticky":false,"template":"","format":"standard","meta":{"_crdt_document":"","footnotes":""},"categories":[1],"tags":[],"class_list":["post-47020","post","type-post","status-publish","format-standard","has-post-thumbnail","hentry","category-guncel"],"_links":{"self":[{"href":"https:\/\/www.egemtv.com\/index.php?rest_route=\/wp\/v2\/posts\/47020","targetHints":{"allow":["GET"]}}],"collection":[{"href":"https:\/\/www.egemtv.com\/index.php?rest_route=\/wp\/v2\/posts"}],"about":[{"href":"https:\/\/www.egemtv.com\/index.php?rest_route=\/wp\/v2\/types\/post"}],"author":[{"embeddable":true,"href":"https:\/\/www.egemtv.com\/index.php?rest_route=\/wp\/v2\/users\/1"}],"replies":[{"embeddable":true,"href":"https:\/\/www.egemtv.com\/index.php?rest_route=%2Fwp%2Fv2%2Fcomments&post=47020"}],"version-history":[{"count":1,"href":"https:\/\/www.egemtv.com\/index.php?rest_route=\/wp\/v2\/posts\/47020\/revisions"}],"predecessor-version":[{"id":47022,"href":"https:\/\/www.egemtv.com\/index.php?rest_route=\/wp\/v2\/posts\/47020\/revisions\/47022"}],"wp:featuredmedia":[{"embeddable":true,"href":"https:\/\/www.egemtv.com\/index.php?rest_route=\/wp\/v2\/media\/47021"}],"wp:attachment":[{"href":"https:\/\/www.egemtv.com\/index.php?rest_route=%2Fwp%2Fv2%2Fmedia&parent=47020"}],"wp:term":[{"taxonomy":"category","embeddable":true,"href":"https:\/\/www.egemtv.com\/index.php?rest_route=%2Fwp%2Fv2%2Fcategories&post=47020"},{"taxonomy":"post_tag","embeddable":true,"href":"https:\/\/www.egemtv.com\/index.php?rest_route=%2Fwp%2Fv2%2Ftags&post=47020"}],"curies":[{"name":"wp","href":"https:\/\/api.w.org\/{rel}","templated":true}]}}