{"id":47017,"date":"2025-08-06T08:54:36","date_gmt":"2025-08-06T05:54:36","guid":{"rendered":"https:\/\/www.egemtv.com\/?p=47017"},"modified":"2025-08-06T08:54:37","modified_gmt":"2025-08-06T05:54:37","slug":"minik-zeynepten-buyuklere-cevre-dersi","status":"publish","type":"post","link":"https:\/\/www.egemtv.com\/?p=47017","title":{"rendered":"Minik Zeynep\u2019ten b\u00fcy\u00fcklere \u00e7evre dersi"},"content":{"rendered":"<p>Denizlili 6 ya\u015f\u0131ndaki Zeynep Ayd\u0131nl\u0131k, \u00e7evre duyarl\u0131l\u0131\u011f\u0131yla \u00f6rnek bir harekete imza att\u0131.  \u00c7evre temizli\u011fine y\u00f6nelik videolar yay\u0131nlayan minik Zeynep; &#8220;Temiz bir \u00e7evre istiyorsak, \u00f6nce kendimiz harekete ge\u00e7meliyiz&#8221; diyerek  t\u00fcm vatanda\u015flara \u00e7evreye sahip \u00e7\u0131kma \u00e7a\u011fr\u0131s\u0131 yapt\u0131.<\/p>\n<p>&#8220;Takip\u00e7i Say\u0131m Kadar \u00c7\u00f6p Topluyorum&#8221; diyerek t\u00fcm T\u00fcrkiye\u2019ye ilham veren payla\u015f\u0131m, Denizlili minik Zeynep\u2019i de harekete ge\u00e7irdi. \u00c7evre temizli\u011fine y\u00f6nelik video yay\u0131nlayan Zeynep\u2019in destek \u00e7a\u011fr\u0131lar\u0131 yan\u0131ts\u0131z kalmad\u0131. Belediye ekipleri ile birlikte \u015eahin Tepesi\u2019nde bir araya gelen Zeynep alanda \u00e7\u00f6p toplayarak \u00e7evre temizli\u011fi konusunda fark\u0131ndal\u0131k olu\u015fturdu. Zeynep Ayd\u0131nl\u0131k, &#8220;\u00c7evremize kar\u015f\u0131 duyarl\u0131 olmal\u0131y\u0131z. Hep birlikte daha g\u00fc\u00e7l\u00fcy\u00fcz. Temiz bir \u00e7evre istiyorsak, \u00f6nce kendimiz harekete ge\u00e7meliyiz&#8221; diyerek t\u00fcm ya\u015f\u0131tlar\u0131na \u00e7evreye sahip \u00e7\u0131kma \u00e7a\u011fr\u0131s\u0131 yapt\u0131.<br \/><\/p>\n","protected":false},"excerpt":{"rendered":"<p>Denizlili 6 ya\u015f\u0131ndaki Zeynep Ayd\u0131nl\u0131k, \u00e7evre duyarl\u0131l\u0131\u011f\u0131yla \u00f6rnek bir harekete imza att\u0131. \u00c7evre temizli\u011fine y\u00f6nelik videolar yay\u0131nlayan minik Zeynep; &#8220;Temiz bir \u00e7evre istiyorsak, \u00f6nce kendimiz harekete ge\u00e7meliyiz&#8221; diyerek t\u00fcm vatanda\u015flara \u00e7evreye sahip \u00e7\u0131kma \u00e7a\u011fr\u0131s\u0131 yapt\u0131. &#8220;Takip\u00e7i Say\u0131m Kadar \u00c7\u00f6p Topluyorum&#8221; diyerek t\u00fcm T\u00fcrkiye\u2019ye ilham veren payla\u015f\u0131m, Denizlili minik Zeynep\u2019i de harekete ge\u00e7irdi. \u00c7evre temizli\u011fine y\u00f6nelik&#8230;<\/p>\n","protected":false},"author":1,"featured_media":47018,"comment_status":"open","ping_status":"open","sticky":false,"template":"","format":"standard","meta":{"_crdt_document":"","footnotes":""},"categories":[1],"tags":[],"class_list":["post-47017","post","type-post","status-publish","format-standard","has-post-thumbnail","hentry","category-guncel"],"_links":{"self":[{"href":"https:\/\/www.egemtv.com\/index.php?rest_route=\/wp\/v2\/posts\/47017","targetHints":{"allow":["GET"]}}],"collection":[{"href":"https:\/\/www.egemtv.com\/index.php?rest_route=\/wp\/v2\/posts"}],"about":[{"href":"https:\/\/www.egemtv.com\/index.php?rest_route=\/wp\/v2\/types\/post"}],"author":[{"embeddable":true,"href":"https:\/\/www.egemtv.com\/index.php?rest_route=\/wp\/v2\/users\/1"}],"replies":[{"embeddable":true,"href":"https:\/\/www.egemtv.com\/index.php?rest_route=%2Fwp%2Fv2%2Fcomments&post=47017"}],"version-history":[{"count":1,"href":"https:\/\/www.egemtv.com\/index.php?rest_route=\/wp\/v2\/posts\/47017\/revisions"}],"predecessor-version":[{"id":47019,"href":"https:\/\/www.egemtv.com\/index.php?rest_route=\/wp\/v2\/posts\/47017\/revisions\/47019"}],"wp:featuredmedia":[{"embeddable":true,"href":"https:\/\/www.egemtv.com\/index.php?rest_route=\/wp\/v2\/media\/47018"}],"wp:attachment":[{"href":"https:\/\/www.egemtv.com\/index.php?rest_route=%2Fwp%2Fv2%2Fmedia&parent=47017"}],"wp:term":[{"taxonomy":"category","embeddable":true,"href":"https:\/\/www.egemtv.com\/index.php?rest_route=%2Fwp%2Fv2%2Fcategories&post=47017"},{"taxonomy":"post_tag","embeddable":true,"href":"https:\/\/www.egemtv.com\/index.php?rest_route=%2Fwp%2Fv2%2Ftags&post=47017"}],"curies":[{"name":"wp","href":"https:\/\/api.w.org\/{rel}","templated":true}]}}