{"id":47014,"date":"2025-08-05T22:15:13","date_gmt":"2025-08-05T19:15:13","guid":{"rendered":"https:\/\/www.egemtv.com\/?p=47014"},"modified":"2025-08-05T22:15:14","modified_gmt":"2025-08-05T19:15:14","slug":"bodrumdaki-akraba-kavgasinin-kamera-goruntuleri-ortaya-cikti","status":"publish","type":"post","link":"https:\/\/www.egemtv.com\/?p=47014","title":{"rendered":"Bodrum\u2019daki akraba kavgas\u0131n\u0131n kamera g\u00f6r\u00fcnt\u00fcleri ortaya \u00e7\u0131kt\u0131"},"content":{"rendered":"<p>Mu\u011fla\u2019n\u0131n Bodrum il\u00e7esinde akrabalar aras\u0131nda alacak-verecek meselesi nedeniyle \u00e7\u0131kan ve 1 ki\u015fi hayat\u0131n\u0131 kaybetti\u011fi kavgan\u0131n g\u00fcvenlik kameras\u0131 g\u00f6r\u00fcnt\u00fcleri ortaya \u00e7\u0131kt\u0131.<br \/>\n<br \/>Olay, Turgutreis Bah\u00e7elievler Mahallesi\u2019nde meydana geldi. Edinilen bilgiye g\u00f6re, 53 ya\u015f\u0131ndaki Kenan K., akrabas\u0131 22 ya\u015f\u0131ndaki Erman Karaku\u015f ve 32 ya\u015f\u0131ndaki a\u011fabeyi G\u00fcven Karaku\u015f aras\u0131nda alacak-verecek meselesi nedeniyle tart\u0131\u015fma \u00e7\u0131kt\u0131. Tart\u0131\u015fma k\u0131sa s\u00fcrede kavgaya d\u00f6n\u00fc\u015ft\u00fc. Kenan K., kavgada Erman Karaku\u015f\u2019u kalbinden G\u00fcven Karaku\u015f\u2019u ise s\u0131rt\u0131ndan b\u0131\u00e7aklad\u0131. Yaral\u0131lar sa\u011fl\u0131k ekiplerince hastaneye kald\u0131r\u0131l\u0131rken, Erman Karaku\u015f yap\u0131lan t\u00fcm m\u00fcdahalelere ra\u011fmen hayat\u0131n\u0131 kaybetti. Olay\u0131n ard\u0131ndan Kenan K., g\u00f6zalt\u0131na al\u0131nd\u0131.<br \/>\n<br \/>\u00d6te yandan, kavga an\u0131n\u0131n g\u00fcvenlik kameras\u0131 g\u00f6r\u00fcnt\u00fcleri ortaya \u00e7\u0131kt\u0131. G\u00f6r\u00fcnt\u00fclerde taraftarlar\u0131n birbirine sald\u0131rmas\u0131, iki ki\u015finin ald\u0131\u011f\u0131 darbelerle yere y\u0131\u011f\u0131ld\u0131\u011f\u0131 anlar yer ald\u0131.<br \/><\/p>\n","protected":false},"excerpt":{"rendered":"<p>Mu\u011fla\u2019n\u0131n Bodrum il\u00e7esinde akrabalar aras\u0131nda alacak-verecek meselesi nedeniyle \u00e7\u0131kan ve 1 ki\u015fi hayat\u0131n\u0131 kaybetti\u011fi kavgan\u0131n g\u00fcvenlik kameras\u0131 g\u00f6r\u00fcnt\u00fcleri ortaya \u00e7\u0131kt\u0131. Olay, Turgutreis Bah\u00e7elievler Mahallesi\u2019nde meydana geldi. Edinilen bilgiye g\u00f6re, 53 ya\u015f\u0131ndaki Kenan K., akrabas\u0131 22 ya\u015f\u0131ndaki Erman Karaku\u015f ve 32 ya\u015f\u0131ndaki a\u011fabeyi G\u00fcven Karaku\u015f aras\u0131nda alacak-verecek meselesi nedeniyle tart\u0131\u015fma \u00e7\u0131kt\u0131. Tart\u0131\u015fma k\u0131sa s\u00fcrede kavgaya d\u00f6n\u00fc\u015ft\u00fc&#8230;.<\/p>\n","protected":false},"author":1,"featured_media":47015,"comment_status":"open","ping_status":"open","sticky":false,"template":"","format":"standard","meta":{"_crdt_document":"","footnotes":""},"categories":[5],"tags":[],"class_list":["post-47014","post","type-post","status-publish","format-standard","has-post-thumbnail","hentry","category-asayis"],"_links":{"self":[{"href":"https:\/\/www.egemtv.com\/index.php?rest_route=\/wp\/v2\/posts\/47014","targetHints":{"allow":["GET"]}}],"collection":[{"href":"https:\/\/www.egemtv.com\/index.php?rest_route=\/wp\/v2\/posts"}],"about":[{"href":"https:\/\/www.egemtv.com\/index.php?rest_route=\/wp\/v2\/types\/post"}],"author":[{"embeddable":true,"href":"https:\/\/www.egemtv.com\/index.php?rest_route=\/wp\/v2\/users\/1"}],"replies":[{"embeddable":true,"href":"https:\/\/www.egemtv.com\/index.php?rest_route=%2Fwp%2Fv2%2Fcomments&post=47014"}],"version-history":[{"count":1,"href":"https:\/\/www.egemtv.com\/index.php?rest_route=\/wp\/v2\/posts\/47014\/revisions"}],"predecessor-version":[{"id":47016,"href":"https:\/\/www.egemtv.com\/index.php?rest_route=\/wp\/v2\/posts\/47014\/revisions\/47016"}],"wp:featuredmedia":[{"embeddable":true,"href":"https:\/\/www.egemtv.com\/index.php?rest_route=\/wp\/v2\/media\/47015"}],"wp:attachment":[{"href":"https:\/\/www.egemtv.com\/index.php?rest_route=%2Fwp%2Fv2%2Fmedia&parent=47014"}],"wp:term":[{"taxonomy":"category","embeddable":true,"href":"https:\/\/www.egemtv.com\/index.php?rest_route=%2Fwp%2Fv2%2Fcategories&post=47014"},{"taxonomy":"post_tag","embeddable":true,"href":"https:\/\/www.egemtv.com\/index.php?rest_route=%2Fwp%2Fv2%2Ftags&post=47014"}],"curies":[{"name":"wp","href":"https:\/\/api.w.org\/{rel}","templated":true}]}}