{"id":47011,"date":"2025-08-05T21:56:02","date_gmt":"2025-08-05T18:56:02","guid":{"rendered":"https:\/\/www.egemtv.com\/?p=47011"},"modified":"2025-08-05T21:56:03","modified_gmt":"2025-08-05T18:56:03","slug":"manisada-uyusturucu-operasyonu-9-gozalti-5-tutuklama","status":"publish","type":"post","link":"https:\/\/www.egemtv.com\/?p=47011","title":{"rendered":"Manisa\u2019da uyu\u015fturucu operasyonu: 9 g\u00f6zalt\u0131, 5 tutuklama"},"content":{"rendered":"<p>Manisa\u2019n\u0131n Soma ve Turgutlu il\u00e7elerinde ger\u00e7ekle\u015ftirilen uyu\u015fturucu operasyonlar\u0131nda g\u00f6zalt\u0131na al\u0131nan 9 ki\u015fiden 5\u2019i tutukland\u0131.<br \/>\n<br \/>Manisa \u0130l Emniyet M\u00fcd\u00fcrl\u00fc\u011f\u00fc Narkotik Su\u00e7larla M\u00fccadele \u015eube M\u00fcd\u00fcrl\u00fc\u011f\u00fc koordinesinde, Turgutlu ve Soma Narkotik Su\u00e7larla M\u00fccadele B\u00fcro Amirli\u011fi ekiplerince &#8220;Uyu\u015fturucu veya Uyar\u0131c\u0131 Madde \u0130mal ve Ticareti&#8221; yapan \u015fah\u0131slara y\u00f6nelik ger\u00e7ekle\u015ftirilen operasyonlarda \u0130.A. (41), B.V. (23), A.Y. (21), F.D. (17), Z.G. (24), B.B.K. (19), A.K. (25), R.A. (17), C.\u00d6. (22) olmak \u00fczere toplam 9 \u015f\u00fcpheli g\u00f6zalt\u0131na al\u0131nd\u0131.<br \/>\n<br \/>\u015e\u00fcphelilerin ikamet ve ara\u00e7lar\u0131nda yap\u0131lan aramalarda 29 bin 94 adet sentetik ecza, 1 adet 7.65 mm \u00e7ap\u0131nda tabanca ve 7 adet fi\u015fek ile uyu\u015fturucu ticaretinden elde edildi\u011fi de\u011ferlendirilen 70 bin TL nakit para ele ge\u00e7irildi. TCK 188 (Uyu\u015fturucu Madde Ticareti) kapsam\u0131nda tamamlanan tahkikatlar\u0131n ard\u0131ndan adli mercilere sevk edilen \u015f\u00fcphelilerden 4\u2019\u00fc adli kontrol \u015fart\u0131yla serbest b\u0131rak\u0131l\u0131rken, 5 \u015f\u00fcpheli tutuklanarak cezaevine g\u00f6nderildi.<br \/><\/p>\n","protected":false},"excerpt":{"rendered":"<p>Manisa\u2019n\u0131n Soma ve Turgutlu il\u00e7elerinde ger\u00e7ekle\u015ftirilen uyu\u015fturucu operasyonlar\u0131nda g\u00f6zalt\u0131na al\u0131nan 9 ki\u015fiden 5\u2019i tutukland\u0131. Manisa \u0130l Emniyet M\u00fcd\u00fcrl\u00fc\u011f\u00fc Narkotik Su\u00e7larla M\u00fccadele \u015eube M\u00fcd\u00fcrl\u00fc\u011f\u00fc koordinesinde, Turgutlu ve Soma Narkotik Su\u00e7larla M\u00fccadele B\u00fcro Amirli\u011fi ekiplerince &#8220;Uyu\u015fturucu veya Uyar\u0131c\u0131 Madde \u0130mal ve Ticareti&#8221; yapan \u015fah\u0131slara y\u00f6nelik ger\u00e7ekle\u015ftirilen operasyonlarda \u0130.A. (41), B.V. (23), A.Y. (21), F.D. (17), Z.G. (24),&#8230;<\/p>\n","protected":false},"author":1,"featured_media":47012,"comment_status":"open","ping_status":"open","sticky":false,"template":"","format":"standard","meta":{"_crdt_document":"","footnotes":""},"categories":[5],"tags":[],"class_list":["post-47011","post","type-post","status-publish","format-standard","has-post-thumbnail","hentry","category-asayis"],"_links":{"self":[{"href":"https:\/\/www.egemtv.com\/index.php?rest_route=\/wp\/v2\/posts\/47011","targetHints":{"allow":["GET"]}}],"collection":[{"href":"https:\/\/www.egemtv.com\/index.php?rest_route=\/wp\/v2\/posts"}],"about":[{"href":"https:\/\/www.egemtv.com\/index.php?rest_route=\/wp\/v2\/types\/post"}],"author":[{"embeddable":true,"href":"https:\/\/www.egemtv.com\/index.php?rest_route=\/wp\/v2\/users\/1"}],"replies":[{"embeddable":true,"href":"https:\/\/www.egemtv.com\/index.php?rest_route=%2Fwp%2Fv2%2Fcomments&post=47011"}],"version-history":[{"count":1,"href":"https:\/\/www.egemtv.com\/index.php?rest_route=\/wp\/v2\/posts\/47011\/revisions"}],"predecessor-version":[{"id":47013,"href":"https:\/\/www.egemtv.com\/index.php?rest_route=\/wp\/v2\/posts\/47011\/revisions\/47013"}],"wp:featuredmedia":[{"embeddable":true,"href":"https:\/\/www.egemtv.com\/index.php?rest_route=\/wp\/v2\/media\/47012"}],"wp:attachment":[{"href":"https:\/\/www.egemtv.com\/index.php?rest_route=%2Fwp%2Fv2%2Fmedia&parent=47011"}],"wp:term":[{"taxonomy":"category","embeddable":true,"href":"https:\/\/www.egemtv.com\/index.php?rest_route=%2Fwp%2Fv2%2Fcategories&post=47011"},{"taxonomy":"post_tag","embeddable":true,"href":"https:\/\/www.egemtv.com\/index.php?rest_route=%2Fwp%2Fv2%2Ftags&post=47011"}],"curies":[{"name":"wp","href":"https:\/\/api.w.org\/{rel}","templated":true}]}}