{"id":47005,"date":"2025-08-05T20:54:58","date_gmt":"2025-08-05T17:54:58","guid":{"rendered":"https:\/\/www.egemtv.com\/?p=47005"},"modified":"2025-08-05T20:54:59","modified_gmt":"2025-08-05T17:54:59","slug":"izmirde-jandarma-ekiplerine-saldiri-8-gozalti-2-firari","status":"publish","type":"post","link":"https:\/\/www.egemtv.com\/?p=47005","title":{"rendered":"\u0130zmir\u2019de jandarma ekiplerine sald\u0131r\u0131: 8 g\u00f6zalt\u0131, 2 firari"},"content":{"rendered":"<p>\u0130zmir\u2019in Torbal\u0131 il\u00e7esinde jandarma ekiplerine fiziki m\u00fcdahalede bulunan 8 \u015f\u00fcpheli g\u00f6zalt\u0131na al\u0131n\u0131rken, firari 2 ki\u015fiyi yakalama \u00e7al\u0131\u015fmalar\u0131 s\u00fcr\u00fcyor. Jandarmaya y\u00f6nelik darp ve tehdit anlar\u0131 ise saniye saniye kameralara yans\u0131d\u0131.<br \/>\n<br \/>Torbal\u0131 il\u00e7esi Ayranc\u0131lar Mahallesi Bar\u0131\u015f Man\u00e7o Caddesi\u2019nde d\u00fcn gece saat 22.30 s\u0131ralar\u0131nda meydana gelen olayda, devriye g\u00f6revi yapan jandarma ekipleri, bir kahvehanede y\u00fcksek sesle \u00e7evreyi rahats\u0131z eden grupla kar\u015f\u0131la\u015ft\u0131. GBT kontrol\u00fc yapmak isteyen ekiplere, i\u00e7erideki \u015fah\u0131slar fiziki m\u00fcdahalede bulundu. \u0130hbar \u00fczerine b\u00f6lgeye \u00e7ok say\u0131da takviye ekip sevk edilirken, \u00e7\u0131kan arbedede T.K., C.\u015e., U.E., M.M., A.D., A.T.A., B.K. ve S.D. isimli 8 \u015f\u00fcpheli g\u00f6zalt\u0131na al\u0131nd\u0131. A.Z. ve A.Z. isimli 2 \u015f\u00fcphelinin ise olay yerinden ka\u00e7t\u0131\u011f\u0131 ve firari olduklar\u0131 \u00f6\u011frenildi. G\u00f6zalt\u0131na al\u0131nan \u015f\u00fcpheliler karakoldaki i\u015flemlerinin ard\u0131ndan adliyeye sevk edildi.<br \/>\n<br \/>\u00d6te yandan olay an\u0131 kameralara yans\u0131d\u0131. G\u00f6r\u00fcnt\u00fclerde, baz\u0131 jandarma personeline yumruk at\u0131ld\u0131\u011f\u0131 ve bir \u015f\u00fcphelinin &#8220;Seni sivilken vururum, \u00f6ld\u00fcr\u00fcr\u00fcm&#8221; \u015feklinde tehditte bulundu\u011fu anlar yer ald\u0131.<br \/>\n<br \/>Olayla ilgili ba\u015flat\u0131lan soru\u015fturma s\u00fcr\u00fcyor.<br \/><\/p>\n","protected":false},"excerpt":{"rendered":"<p>\u0130zmir\u2019in Torbal\u0131 il\u00e7esinde jandarma ekiplerine fiziki m\u00fcdahalede bulunan 8 \u015f\u00fcpheli g\u00f6zalt\u0131na al\u0131n\u0131rken, firari 2 ki\u015fiyi yakalama \u00e7al\u0131\u015fmalar\u0131 s\u00fcr\u00fcyor. Jandarmaya y\u00f6nelik darp ve tehdit anlar\u0131 ise saniye saniye kameralara yans\u0131d\u0131. Torbal\u0131 il\u00e7esi Ayranc\u0131lar Mahallesi Bar\u0131\u015f Man\u00e7o Caddesi\u2019nde d\u00fcn gece saat 22.30 s\u0131ralar\u0131nda meydana gelen olayda, devriye g\u00f6revi yapan jandarma ekipleri, bir kahvehanede y\u00fcksek sesle \u00e7evreyi rahats\u0131z&#8230;<\/p>\n","protected":false},"author":1,"featured_media":47006,"comment_status":"open","ping_status":"open","sticky":false,"template":"","format":"standard","meta":{"_crdt_document":"","footnotes":""},"categories":[5],"tags":[],"class_list":["post-47005","post","type-post","status-publish","format-standard","has-post-thumbnail","hentry","category-asayis"],"_links":{"self":[{"href":"https:\/\/www.egemtv.com\/index.php?rest_route=\/wp\/v2\/posts\/47005","targetHints":{"allow":["GET"]}}],"collection":[{"href":"https:\/\/www.egemtv.com\/index.php?rest_route=\/wp\/v2\/posts"}],"about":[{"href":"https:\/\/www.egemtv.com\/index.php?rest_route=\/wp\/v2\/types\/post"}],"author":[{"embeddable":true,"href":"https:\/\/www.egemtv.com\/index.php?rest_route=\/wp\/v2\/users\/1"}],"replies":[{"embeddable":true,"href":"https:\/\/www.egemtv.com\/index.php?rest_route=%2Fwp%2Fv2%2Fcomments&post=47005"}],"version-history":[{"count":1,"href":"https:\/\/www.egemtv.com\/index.php?rest_route=\/wp\/v2\/posts\/47005\/revisions"}],"predecessor-version":[{"id":47007,"href":"https:\/\/www.egemtv.com\/index.php?rest_route=\/wp\/v2\/posts\/47005\/revisions\/47007"}],"wp:featuredmedia":[{"embeddable":true,"href":"https:\/\/www.egemtv.com\/index.php?rest_route=\/wp\/v2\/media\/47006"}],"wp:attachment":[{"href":"https:\/\/www.egemtv.com\/index.php?rest_route=%2Fwp%2Fv2%2Fmedia&parent=47005"}],"wp:term":[{"taxonomy":"category","embeddable":true,"href":"https:\/\/www.egemtv.com\/index.php?rest_route=%2Fwp%2Fv2%2Fcategories&post=47005"},{"taxonomy":"post_tag","embeddable":true,"href":"https:\/\/www.egemtv.com\/index.php?rest_route=%2Fwp%2Fv2%2Ftags&post=47005"}],"curies":[{"name":"wp","href":"https:\/\/api.w.org\/{rel}","templated":true}]}}