{"id":47002,"date":"2025-08-05T20:14:41","date_gmt":"2025-08-05T17:14:41","guid":{"rendered":"https:\/\/www.egemtv.com\/?p=47002"},"modified":"2025-08-05T20:14:41","modified_gmt":"2025-08-05T17:14:41","slug":"afyonkarahisarin-3-ilcesinin-sinirina-organize-tarim-bolgesi-kurulacak","status":"publish","type":"post","link":"https:\/\/www.egemtv.com\/?p=47002","title":{"rendered":"Afyonkarahisar\u2019\u0131n 3 il\u00e7esinin s\u0131n\u0131r\u0131na Organize Tar\u0131m B\u00f6lgesi kurulacak"},"content":{"rendered":"<p>Afyonkarahisar Valisi Yi\u011fitba\u015f\u0131, kentin jeotermal serac\u0131l\u0131ktaki ba\u015far\u0131s\u0131na dikkat \u00e7ekerek, &#8220;Organize Tar\u0131m B\u00f6lgemizin ilk etab\u0131 olan 2 bin 900 dekar k\u0131sm\u0131n\u0131 hayata ge\u00e7iriyoruz. \u0130lk etapta 2 bin 500 ila 3 bin ki\u015fi istihdam edilecek&#8221; dedi.<br \/>\n<br \/>Vali Yi\u011fitba\u015f\u0131, \u00c7ay, \u00c7obanlar ve Bolvadin il\u00e7elerinin s\u0131n\u0131rlar\u0131nda kurulacak jeotermal kaynakl\u0131 Organize Tar\u0131m B\u00f6lgesi\u2019nde (OTB) incelemede bulundu. Ard\u0131ndan gazeteciler a\u00e7\u0131klamalarda bulunan Vali Yi\u011fitba\u015f\u0131, kentte yakla\u015f\u0131k 20 y\u0131ld\u0131r jeotermal kaynakl\u0131 modern serac\u0131l\u0131k y\u00f6ntemlerinin kullan\u0131ld\u0131\u011f\u0131n\u0131 dile getirdi.<\/p>\n<p>&#8220;B\u00f6lgeye \u00e7ok ciddi anlamda istihdam katk\u0131s\u0131 olu\u015fturacak&#8221;<br \/>\n<br \/>Vali Yi\u011fitba\u015f\u0131 a\u00e7\u0131klamalar\u0131n\u0131 \u015f\u00f6yle s\u00fcrd\u00fcrd\u00fc:<br \/>\n<br \/>&#8220;Afyonkarahisar bu konuda \u00f6nc\u00fc ve lider bir \u015fehir. \u015eehrimizin genelinde 2 bin 500 dekarl\u0131k alanda modern serac\u0131l\u0131k yat\u0131r\u0131mlar\u0131 bulunuyor. Bug\u00fcn de bu b\u00f6lgemizde ilk etab\u0131 2 bin 900 dekar olacak OTB\u2019mizi hayata ge\u00e7iriyoruz. \u0130n\u015fallah, 3 etaptan olu\u015facak OTB\u2019mizle 8 milyon metrekarelik bir alanda jeotermal serac\u0131l\u0131kta lider bir konumda olmaya devam edece\u011fiz. \u0130lk olarak \u00c7ay il\u00e7esinin Kad\u0131k\u00f6y mevkisinde 2 bin 900 dekarl\u0131k alanda proje hayata ge\u00e7ecek. B\u00f6lgeye \u00e7ok ciddi anlamda istihdam katk\u0131s\u0131 olu\u015fturacak. \u0130lk etapta 2 bin 500 ila 3 bin ki\u015fi istihdam edilecek. Dolayl\u0131 olarak da bu istihdam rakam\u0131 daha da artacak. Bu yat\u0131r\u0131ma \u00f6nc\u00fcl\u00fck etmenin heyecan\u0131 i\u00e7erisindeyiz.&#8221;<br \/>\n<br \/>Kurulacak seralarda \u00fcretim rakamlar\u0131ndaki beklentiler hakk\u0131nda bilgi veren Yi\u011fitba\u015f\u0131, OTB\u2019de \u00f6n tahsis talep toplama \u00e7al\u0131\u015fmalar\u0131n\u0131n ba\u015flad\u0131\u011f\u0131n\u0131 belirterek b\u00f6lgeye yat\u0131r\u0131mc\u0131lar\u0131 davet etti.<br \/><\/p>\n","protected":false},"excerpt":{"rendered":"<p>Afyonkarahisar Valisi Yi\u011fitba\u015f\u0131, kentin jeotermal serac\u0131l\u0131ktaki ba\u015far\u0131s\u0131na dikkat \u00e7ekerek, &#8220;Organize Tar\u0131m B\u00f6lgemizin ilk etab\u0131 olan 2 bin 900 dekar k\u0131sm\u0131n\u0131 hayata ge\u00e7iriyoruz. \u0130lk etapta 2 bin 500 ila 3 bin ki\u015fi istihdam edilecek&#8221; dedi. Vali Yi\u011fitba\u015f\u0131, \u00c7ay, \u00c7obanlar ve Bolvadin il\u00e7elerinin s\u0131n\u0131rlar\u0131nda kurulacak jeotermal kaynakl\u0131 Organize Tar\u0131m B\u00f6lgesi\u2019nde (OTB) incelemede bulundu. Ard\u0131ndan gazeteciler a\u00e7\u0131klamalarda bulunan&#8230;<\/p>\n","protected":false},"author":1,"featured_media":47003,"comment_status":"open","ping_status":"open","sticky":false,"template":"","format":"standard","meta":{"_crdt_document":"","footnotes":""},"categories":[123],"tags":[],"class_list":["post-47002","post","type-post","status-publish","format-standard","has-post-thumbnail","hentry","category-gundem"],"_links":{"self":[{"href":"https:\/\/www.egemtv.com\/index.php?rest_route=\/wp\/v2\/posts\/47002","targetHints":{"allow":["GET"]}}],"collection":[{"href":"https:\/\/www.egemtv.com\/index.php?rest_route=\/wp\/v2\/posts"}],"about":[{"href":"https:\/\/www.egemtv.com\/index.php?rest_route=\/wp\/v2\/types\/post"}],"author":[{"embeddable":true,"href":"https:\/\/www.egemtv.com\/index.php?rest_route=\/wp\/v2\/users\/1"}],"replies":[{"embeddable":true,"href":"https:\/\/www.egemtv.com\/index.php?rest_route=%2Fwp%2Fv2%2Fcomments&post=47002"}],"version-history":[{"count":1,"href":"https:\/\/www.egemtv.com\/index.php?rest_route=\/wp\/v2\/posts\/47002\/revisions"}],"predecessor-version":[{"id":47004,"href":"https:\/\/www.egemtv.com\/index.php?rest_route=\/wp\/v2\/posts\/47002\/revisions\/47004"}],"wp:featuredmedia":[{"embeddable":true,"href":"https:\/\/www.egemtv.com\/index.php?rest_route=\/wp\/v2\/media\/47003"}],"wp:attachment":[{"href":"https:\/\/www.egemtv.com\/index.php?rest_route=%2Fwp%2Fv2%2Fmedia&parent=47002"}],"wp:term":[{"taxonomy":"category","embeddable":true,"href":"https:\/\/www.egemtv.com\/index.php?rest_route=%2Fwp%2Fv2%2Fcategories&post=47002"},{"taxonomy":"post_tag","embeddable":true,"href":"https:\/\/www.egemtv.com\/index.php?rest_route=%2Fwp%2Fv2%2Ftags&post=47002"}],"curies":[{"name":"wp","href":"https:\/\/api.w.org\/{rel}","templated":true}]}}