{"id":46999,"date":"2025-08-05T19:14:56","date_gmt":"2025-08-05T16:14:56","guid":{"rendered":"https:\/\/www.egemtv.com\/?p=46999"},"modified":"2025-08-05T19:14:57","modified_gmt":"2025-08-05T16:14:57","slug":"kemalpasada-cop-daglari-olustu","status":"publish","type":"post","link":"https:\/\/www.egemtv.com\/?p=46999","title":{"rendered":"Kemalpa\u015fa\u2019da \u00e7\u00f6p da\u011flar\u0131 olu\u015ftu"},"content":{"rendered":"<p>\u0130zmir\u2019in Kemalpa\u015fa il\u00e7esinde belediye taraf\u0131ndan toplanan \u00e7\u00f6plerin \u0130zmir B\u00fcy\u00fck\u015fehir Belediyesi taraf\u0131ndan d\u00fczenli olarak al\u0131nmad\u0131\u011f\u0131, \u00e7\u00f6plerin geli\u015fi g\u00fczel araziye bo\u015falt\u0131ld\u0131\u011f\u0131 \u00f6\u011frenildi.<br \/>\n<br \/>\u0130zmir ve il\u00e7elerinde ya\u015fanan \u00e7\u00f6p sorununa bir yenisi daha eklendi. \u0130zmir B\u00fcy\u00fck\u015fehir Belediyesi taraf\u0131ndan Kemalpa\u015fa\u2019da bulunan \u00e7\u00f6p transfer merkezinden d\u00fczenli olarak \u00e7\u00f6p al\u0131nmad\u0131\u011f\u0131 i\u00e7in il\u00e7e belediyesi taraf\u0131ndan toplanan \u00e7\u00f6plerin kamyonlarla araziye bo\u015falt\u0131ld\u0131\u011f\u0131 g\u00f6r\u00fcld\u00fc.<br \/>\n<br \/>Konu ile ilgili a\u00e7\u0131klamalarda bulunan ve ayn\u0131 zamanda doktor olan AK Parti Kemalpa\u015fa \u0130l\u00e7e Ba\u015fkan\u0131 Dr. Metin Ya\u015far, olay\u0131n her a\u00e7\u0131dan s\u0131k\u0131nt\u0131l\u0131 oldu\u011funu belirterek, hem B\u00fcy\u00fck\u015fehir Belediyesinin hem de il\u00e7e belediyesinin bir an evvel bu soruna \u00e7\u00f6z\u00fcm bulmas\u0131 gerekti\u011fini vurgulad\u0131. Ya\u015far, &#8220;D\u00fc\u015f\u00fcnebiliyor musunuz? Zaten CHP\u2019li Kemalpa\u015fa belediyesi taraf\u0131ndan il\u00e7eye yap\u0131lmas\u0131 gereken rutin belediye hizmetleri tam anlam\u0131yla yerine getirilmiyordu. \u015eimdi yar\u0131m-yamalak toplanan \u00e7\u00f6pler de ovaya d\u00f6k\u00fcl\u00fcyor. Adeta \u00e7\u00f6p da\u011flar\u0131 olu\u015fmu\u015f. Bu \u00e7\u00f6pler halk sa\u011fl\u0131\u011f\u0131 ba\u015fta olmak \u00fczere yar alt\u0131 sular\u0131, tar\u0131m arazilerine zarar verir, yang\u0131nlara yol a\u00e7abilir. Yaz aylar\u0131nda oldu\u011fumuz i\u00e7in koku ve sinek istilas\u0131 ile ba\u015fba\u015fa kalabiliriz. Hem halk sa\u011fl\u0131\u011f\u0131 hem \u00e7evre sa\u011fl\u0131\u011f\u0131 a\u00e7\u0131s\u0131ndan i\u00e7ler ac\u0131s\u0131 bir durum ya\u015fan\u0131yor. \u00c7\u00f6p transfer merkezinden \u00e7\u00f6pler d\u00fczenli al\u0131nmad\u0131\u011f\u0131 i\u00e7in \u00e7\u00f6p ara\u00e7lar\u0131 il\u00e7eden toplanan \u00e7\u00f6pleri ovaya d\u00f6k\u00fcyorlar. Bu \u00e7\u00f6pler ne zaman al\u0131nacak. Zaten g\u00fcnl\u00fck toplanan \u00e7\u00f6pler d\u00fczenli olarak al\u0131nmazken ve \u00e7\u00f6p y\u0131\u011f\u0131nlar\u0131 ne kadar kalacak. Biz Kemalpa\u015fal\u0131lar olarak bu sorunun giderilmesini istiyoruz&#8221; diye konu\u015ftu.<br \/>\n<br \/>\u00c7\u00f6p d\u00f6k\u00fcm alan\u0131n\u0131n hem il\u00e7e merkezine hem de sanayi kurulu\u015flar\u0131na olduk\u00e7a yak\u0131n bir yerde oldu\u011funu da vurgulayan \u0130l\u00e7e Ba\u015fkan\u0131 Metin Ya\u015far, alan\u0131n ayn\u0131 zamanda il\u00e7e mezarl\u0131\u011f\u0131n\u0131n da hemen alt k\u0131sm\u0131nda oldu\u011funu belirtti.<br \/>\n<br \/>D\u00f6k\u00fcm alan\u0131nda hayvan le\u015flerinin de olabilece\u011fine dikkat \u00e7eken Ya\u015far, k\u00f6peklerin buradan insanlara salg\u0131n hastal\u0131k bula\u015ft\u0131rabilece\u011fini dile getirdi.<br \/><\/p>\n","protected":false},"excerpt":{"rendered":"<p>\u0130zmir\u2019in Kemalpa\u015fa il\u00e7esinde belediye taraf\u0131ndan toplanan \u00e7\u00f6plerin \u0130zmir B\u00fcy\u00fck\u015fehir Belediyesi taraf\u0131ndan d\u00fczenli olarak al\u0131nmad\u0131\u011f\u0131, \u00e7\u00f6plerin geli\u015fi g\u00fczel araziye bo\u015falt\u0131ld\u0131\u011f\u0131 \u00f6\u011frenildi. \u0130zmir ve il\u00e7elerinde ya\u015fanan \u00e7\u00f6p sorununa bir yenisi daha eklendi. \u0130zmir B\u00fcy\u00fck\u015fehir Belediyesi taraf\u0131ndan Kemalpa\u015fa\u2019da bulunan \u00e7\u00f6p transfer merkezinden d\u00fczenli olarak \u00e7\u00f6p al\u0131nmad\u0131\u011f\u0131 i\u00e7in il\u00e7e belediyesi taraf\u0131ndan toplanan \u00e7\u00f6plerin kamyonlarla araziye bo\u015falt\u0131ld\u0131\u011f\u0131 g\u00f6r\u00fcld\u00fc. Konu ile&#8230;<\/p>\n","protected":false},"author":1,"featured_media":47000,"comment_status":"open","ping_status":"open","sticky":false,"template":"","format":"standard","meta":{"_crdt_document":"","footnotes":""},"categories":[1],"tags":[],"class_list":["post-46999","post","type-post","status-publish","format-standard","has-post-thumbnail","hentry","category-guncel"],"_links":{"self":[{"href":"https:\/\/www.egemtv.com\/index.php?rest_route=\/wp\/v2\/posts\/46999","targetHints":{"allow":["GET"]}}],"collection":[{"href":"https:\/\/www.egemtv.com\/index.php?rest_route=\/wp\/v2\/posts"}],"about":[{"href":"https:\/\/www.egemtv.com\/index.php?rest_route=\/wp\/v2\/types\/post"}],"author":[{"embeddable":true,"href":"https:\/\/www.egemtv.com\/index.php?rest_route=\/wp\/v2\/users\/1"}],"replies":[{"embeddable":true,"href":"https:\/\/www.egemtv.com\/index.php?rest_route=%2Fwp%2Fv2%2Fcomments&post=46999"}],"version-history":[{"count":1,"href":"https:\/\/www.egemtv.com\/index.php?rest_route=\/wp\/v2\/posts\/46999\/revisions"}],"predecessor-version":[{"id":47001,"href":"https:\/\/www.egemtv.com\/index.php?rest_route=\/wp\/v2\/posts\/46999\/revisions\/47001"}],"wp:featuredmedia":[{"embeddable":true,"href":"https:\/\/www.egemtv.com\/index.php?rest_route=\/wp\/v2\/media\/47000"}],"wp:attachment":[{"href":"https:\/\/www.egemtv.com\/index.php?rest_route=%2Fwp%2Fv2%2Fmedia&parent=46999"}],"wp:term":[{"taxonomy":"category","embeddable":true,"href":"https:\/\/www.egemtv.com\/index.php?rest_route=%2Fwp%2Fv2%2Fcategories&post=46999"},{"taxonomy":"post_tag","embeddable":true,"href":"https:\/\/www.egemtv.com\/index.php?rest_route=%2Fwp%2Fv2%2Ftags&post=46999"}],"curies":[{"name":"wp","href":"https:\/\/api.w.org\/{rel}","templated":true}]}}